{"id":852,"date":"2011-02-19T11:02:14","date_gmt":"2011-02-19T10:02:14","guid":{"rendered":"http:\/\/www.stuebbenhaus.de\/?p=852"},"modified":"2011-05-11T08:26:11","modified_gmt":"2011-05-11T06:26:11","slug":"1-kissen-1-brett-neues-parkett","status":"publish","type":"post","link":"http:\/\/stuebbenhaus.de\/?p=852","title":{"rendered":"1 Kissen + 1 Brett = neues Parkett"},"content":{"rendered":"<p><a href=\"http:\/\/www.stuebbenhaus.de\/wp-content\/uploads\/2011\/02\/DSCF5478.jpg\" rel=\"lightbox[852]\"><img loading=\"lazy\" decoding=\"async\" class=\"size-thumbnail wp-image-992 alignleft\" title=\"Katjas Lieblingsparkett, leider viel zu teuer\" src=\"http:\/\/www.stuebbenhaus.de\/wp-content\/uploads\/2011\/02\/DSCF5478-150x150.jpg\" alt=\"\" width=\"150\" height=\"150\" \/><\/a><\/p>\n<p>Bewaffnet mit einem Kissen unserer Couch und einem Regalbrett sind wir in den letzten Wochen durch div. Parkettstudios getingelt. Auch wenn wir von vornherein die Auswahl des Holzes auf ein Minimum eingrenzen konnten, fiel es nicht leicht sich f\u00fcr einen Farbton zu entscheiden. Immerhin wird uns diese Wahl ein Leben lang begleiten. Naja, wenn uns die Farbe nicht mehr gef\u00e4llt k\u00f6nnen wir sie immerhin mit F\u00fc\u00dfen treten \ud83d\ude09<\/p>\n<p>Aufgrund der Fu\u00dfbodenheizung kommen eigentlich nur 2 Holzarten in Frage. Zum einen ist das Nu\u00dfbaum, weil es ein robustes Holz ist, zum anderen ist es die gute alte Eiche, weil sie so gut wie gar nicht &#8222;arbeitet&#8220; und mit das unempfindlichste aller H\u00f6lzer ist. Alle anderen Holzarten sollte man im Zusmamenhang mit einer FBH erst gar nicht in Erw\u00e4gung ziehen, besonders von Buche ist abzuraten, weil sie zu stark arbeitet und sehr feuchtigkeitsempfindlich ist.<!--more--><a href=\"http:\/\/www.stuebbenhaus.de\/wp-content\/uploads\/2011\/02\/DSCF5461.jpg\" rel=\"lightbox[852]\"><img loading=\"lazy\" decoding=\"async\" class=\"alignright size-thumbnail wp-image-998\" title=\"Kirschboden stand anfangs auch noch auf der Liste\" src=\"http:\/\/www.stuebbenhaus.de\/wp-content\/uploads\/2011\/02\/DSCF5461-150x150.jpg\" alt=\"\" width=\"150\" height=\"150\" \/><\/a>Als wir endlich eine Holzart samt Farbe gefunden hatten (amerik. Nu\u00dfbaum) und auch die Holzoptik f\u00fcr beide Etagen festgelegt hatten (OG Schiffsboden, EG Landhausdielen) , musste eine Entscheidung f\u00fcr die Oberfl\u00e4chenveredelung getroffen werden. Soll es pflegeleicht sein aber daf\u00fcr der Holzlook etwas verloren gehen, wird die Oberfl\u00e4che lackiert\/versiegelt. Soll es schick aussehen aber regelm\u00e4\u00dfiger Pflege bed\u00fcrfen, kommt eine ge\u00f6lte Oberfl\u00e4che in Frage.<\/p>\n<p>Zu guter Letzt musste noch die Verlegeart entschieden werden, was gl\u00fccklicherweise der Holzlieferant f\u00fcr uns \u00fcbernahm. Der Laden, der den Zuschlag erhielt, verlegt das Parkett ausschlie\u00dflich vollfl\u00e4chig verklebt. Andere Gesch\u00e4fte in denen wir waren bevorzugten die schwimmende (also keine feste Verbindung mit dem Untergrund) Verlegung. Beides hat seine Vor-und Nachteile. Bei schwimmend verlegtem Parkett\u00a0 entsteht eine Luftschicht zwischen Boden und Holz, die f\u00fcr einen erh\u00f6hten W\u00e4rmeverlust sorgt . Bei verklebtem Parkett kann das Holz sich nicht richtig ausdehnen, weil es keine Dehnungsfuge gibt und sich so zwischen den Holzplanken kleinere Fugen bilden.<\/p>\n<p><a href=\"http:\/\/www.stuebbenhaus.de\/wp-content\/uploads\/2011\/02\/DSCF5484.jpg\" rel=\"lightbox[852]\"><img loading=\"lazy\" decoding=\"async\" class=\"alignleft size-thumbnail wp-image-1000\" title=\"So siehts dann aus, nur l\u00e4ngere Dielenbretter (2m)\" src=\"http:\/\/www.stuebbenhaus.de\/wp-content\/uploads\/2011\/02\/DSCF5484-150x150.jpg\" alt=\"\" width=\"150\" height=\"150\" \/><\/a>Nun ist alles bestellt und wird voraussichtlich im April geliefert\/verlegt. Der Zeitpunkt h\u00e4ngt vom Heizprotokoll der FBH ab. Diese darf aufgrund des frisch verlegten Estrichs erst einen Monat nach Verlegen anlaufen und wird dann automatisch t\u00e4glich immer etwas w\u00e4rmer eingestellt, bis sie nach weiteren 4 Wochen die normale Raumtemperatur erreicht hat. Danach wird die Feuchtigkeit im Estrich gemessen und sollte dann alles passen, kann mit dem Verlegen des Parketts begonnen werden.<\/p>\n","protected":false},"excerpt":{"rendered":"<p>Bewaffnet mit einem Kissen unserer Couch und einem Regalbrett sind wir in den letzten Wochen durch div. Parkettstudios getingelt. Auch wenn wir von vornherein die Auswahl des Holzes auf ein Minimum eingrenzen konnten, fiel es nicht leicht sich f\u00fcr einen Farbton zu entscheiden. Immerhin wird uns diese Wahl ein Leben lang begleiten. Naja, wenn uns [&hellip;]<\/p>\n","protected":false},"author":3,"featured_media":0,"comment_status":"open","ping_status":"open","sticky":false,"template":"","format":"standard","meta":{"jetpack_post_was_ever_published":false,"_jetpack_newsletter_access":"","_jetpack_dont_email_post_to_subs":false,"_jetpack_newsletter_tier_id":0,"footnotes":"","jetpack_publicize_message":"","jetpack_publicize_feature_enabled":true,"jetpack_social_post_already_shared":false,"jetpack_social_options":{"image_generator_settings":{"template":"highway","enabled":false}}},"categories":[1,5],"tags":[16,13,15,14],"jetpack_publicize_connections":[],"jetpack_featured_media_url":"","jetpack_shortlink":"https:\/\/wp.me\/pY1Uk-dK","jetpack_sharing_enabled":true,"_links":{"self":[{"href":"http:\/\/stuebbenhaus.de\/index.php?rest_route=\/wp\/v2\/posts\/852"}],"collection":[{"href":"http:\/\/stuebbenhaus.de\/index.php?rest_route=\/wp\/v2\/posts"}],"about":[{"href":"http:\/\/stuebbenhaus.de\/index.php?rest_route=\/wp\/v2\/types\/post"}],"author":[{"embeddable":true,"href":"http:\/\/stuebbenhaus.de\/index.php?rest_route=\/wp\/v2\/users\/3"}],"replies":[{"embeddable":true,"href":"http:\/\/stuebbenhaus.de\/index.php?rest_route=%2Fwp%2Fv2%2Fcomments&post=852"}],"version-history":[{"count":20,"href":"http:\/\/stuebbenhaus.de\/index.php?rest_route=\/wp\/v2\/posts\/852\/revisions"}],"predecessor-version":[{"id":1293,"href":"http:\/\/stuebbenhaus.de\/index.php?rest_route=\/wp\/v2\/posts\/852\/revisions\/1293"}],"wp:attachment":[{"href":"http:\/\/stuebbenhaus.de\/index.php?rest_route=%2Fwp%2Fv2%2Fmedia&parent=852"}],"wp:term":[{"taxonomy":"category","embeddable":true,"href":"http:\/\/stuebbenhaus.de\/index.php?rest_route=%2Fwp%2Fv2%2Fcategories&post=852"},{"taxonomy":"post_tag","embeddable":true,"href":"http:\/\/stuebbenhaus.de\/index.php?rest_route=%2Fwp%2Fv2%2Ftags&post=852"}],"curies":[{"name":"wp","href":"https:\/\/api.w.org\/{rel}","templated":true}]}}