{"id":810,"date":"2010-12-31T17:44:52","date_gmt":"2010-12-31T16:44:52","guid":{"rendered":"http:\/\/www.stuebbenhaus.de\/?p=810"},"modified":"2011-05-12T08:54:03","modified_gmt":"2011-05-12T06:54:03","slug":"wochentelegramm","status":"publish","type":"post","link":"http:\/\/stuebbenhaus.de\/?p=810","title":{"rendered":"Wochentelegramm"},"content":{"rendered":"<p><strong>27.12.:<\/strong> Der heutige Tag stand ganz im Zeichen einer neuer K\u00fcche. Hochmotiviert ging es durch inges. 6 K\u00fcchenstudios. Am Ende des Tages hatten wir zwar eine Menge Eindr\u00fccke gewonnen, aber unsere Wunschk\u00fcche nicht gefunden.<\/p>\n<p>Als letztes ging es zu IKEA, was man aber am ersten Arbeitstag nach den Weihnachtsfeiertagen keinem empfehlen kann. Keine freien Parkpl\u00e4tze, Smorland restlos mit Kindern \u00fcberf\u00fcllt, so dass ich diesmal nicht in den Kugelteich h\u00fcpfen konnte und gut 15min Wartezeit am HotDogstand.<\/p>\n<p>Wenigstens hatten wir ein K\u00fcchenstudio auserkoren, welches uns am n\u00e4chsten Tag die K\u00fcchenplanung machen sollte.<\/p>\n<p><strong>28.12.:<\/strong> Mit der Skizze der eigenen Vorstellungen unterm Arm ging es mit den ersten Sonnenstrahlen zum K\u00fcchenstudio nach Ratingen. Nachdem wir uns auf eine K\u00fcchenart festgelegt hatten, scheiterten wir (und der Verk\u00e4ufer) an der Wahl der passenden Arbeitsplatte. Dunkelbraunes Holz sollte es werden, doch im Zusammenspiel mit unseren bisherigen M\u00f6beln und dem noch unbekannten Bodenbelag wollte so gar kein Farbton passen. Deprimiert und mit der Aufgabe \u00fcberfordert etwas Passendes zu finden ging es wieder heimw\u00e4rts.<\/p>\n<p>Nach reiflicher \u00dcberlegung haben wir den Entschluss gefasst, die bisherigen M\u00f6bel zu vernachl\u00e4ssigen, so dass der Weg f\u00fcr Wunschk\u00fcche und Fu\u00dfboden frei wurde.<\/p>\n<p>Aufgrund einer Radiowerbung ($$$$ jede Menge Rabatt $$$$) am Nachmittag zum M\u00f6belhaus unseres Vertrauens nach Hilden gefahren. Dort sehr schnell ein passendes K\u00fcchendesign samt kompetenten Verk\u00e4ufer gefunden und ersten Entwurf der Traumk\u00fcche erstellt. K\u00fcchenfinale wurde auf Donnerstag festgesetzt.<\/p>\n<p><!--more--><strong>29.12.:<\/strong> Heute begannen wir endlich mit den Arbeiten im Keller. Die bisherigen Abflu\u00dfrohre (aus Ton und teilweise stark besch\u00e4digt) sollten freigelegt werden, damit man sie durch Kunstoffrohre austauschen kann. In der Annahme, dass die Bodenplatte etliche Zentimer dick sei, den dicksten Bohrhammer f\u00fcr Strombetrieb im Bauhaus ausgeliehen. Nach ersten &#8222;Testbohrungen&#8220; dann aber schnell festgestellt, dass grad mal 3cm Bodenplatte unterm Haus sind und danach nur noch Stein und Lehm. Den Bohrhammer also gegen kleineres Gesch\u00fctz getauscht und endg\u00fcltig mit den Arbeiten begonnen.<\/p>\n<p>Parallel verbrachte Katja die Zeit im Fliesendiscount. Nach wie vor wissen wir nicht, welche Fliesen zuk\u00fcnftig Flur, K\u00fcche und Bad zieren sollen. Einige Fliesen konnten hierbei erlegt und als Troph\u00e4en mit nach Hause gebracht werden.<\/p>\n<p><strong>30.12.:<\/strong> Bis in den fr\u00fchen Nachmittag wurde im Keller flei\u00dfig gestemmt, gebuddelt und Rohre freigelegt. Ganz konnten wir die Arbeit nicht beenden, denn der Bohrhammer musste zur\u00fcckgebracht werden und am Nachmittag stand der Termin im K\u00fcchenstudio auf der Tagesordnung.<\/p>\n<p>Nach gut 3,5Std hatten wir endlich unsere Wunschk\u00fcche zusammengestellt, die Installationspl\u00e4ne entworfen und den Vertrag mit Blut und Schwei\u00df besiegelt. Im Februar wird nocheinmal das genaue Aufma\u00df genommen und im April wird sie hoffentlich geliefert.<\/p>\n<p><strong>31.12.:<\/strong> Wie jedes Jahr ging es Mittags zusammen mit einigen Freunden zum Chinesen. Bei Leis, Fl\u00fchlingslolle und Biel wurde das Jahr geb\u00fchrend verabschiedet.<\/p>\n<p>Zeit f\u00fcr uns dieses Jahr hier im Blog zu beenden und Euch allen einen guten Rutsch und ein erf\u00fclltes 2011 zu w\u00fcnschen. Kommt gut r\u00fcber und man liest sich im n\u00e4chsten Jahr.<\/p>\n<p>[nggallery id=30]<\/p>\n","protected":false},"excerpt":{"rendered":"<p>27.12.: Der heutige Tag stand ganz im Zeichen einer neuer K\u00fcche. Hochmotiviert ging es durch inges. 6 K\u00fcchenstudios. Am Ende des Tages hatten wir zwar eine Menge Eindr\u00fccke gewonnen, aber unsere Wunschk\u00fcche nicht gefunden. Als letztes ging es zu IKEA, was man aber am ersten Arbeitstag nach den Weihnachtsfeiertagen keinem empfehlen kann. Keine freien Parkpl\u00e4tze, [&hellip;]<\/p>\n","protected":false},"author":3,"featured_media":0,"comment_status":"open","ping_status":"open","sticky":false,"template":"","format":"standard","meta":{"jetpack_post_was_ever_published":false,"_jetpack_newsletter_access":"","_jetpack_dont_email_post_to_subs":false,"_jetpack_newsletter_tier_id":0,"footnotes":"","jetpack_publicize_message":"","jetpack_publicize_feature_enabled":true,"jetpack_social_post_already_shared":false,"jetpack_social_options":{"image_generator_settings":{"template":"highway","enabled":false}}},"categories":[1,6,5,7],"tags":[70,79,80,67,65],"jetpack_publicize_connections":[],"jetpack_featured_media_url":"","jetpack_shortlink":"https:\/\/wp.me\/pY1Uk-d4","jetpack_sharing_enabled":true,"_links":{"self":[{"href":"http:\/\/stuebbenhaus.de\/index.php?rest_route=\/wp\/v2\/posts\/810"}],"collection":[{"href":"http:\/\/stuebbenhaus.de\/index.php?rest_route=\/wp\/v2\/posts"}],"about":[{"href":"http:\/\/stuebbenhaus.de\/index.php?rest_route=\/wp\/v2\/types\/post"}],"author":[{"embeddable":true,"href":"http:\/\/stuebbenhaus.de\/index.php?rest_route=\/wp\/v2\/users\/3"}],"replies":[{"embeddable":true,"href":"http:\/\/stuebbenhaus.de\/index.php?rest_route=%2Fwp%2Fv2%2Fcomments&post=810"}],"version-history":[{"count":11,"href":"http:\/\/stuebbenhaus.de\/index.php?rest_route=\/wp\/v2\/posts\/810\/revisions"}],"predecessor-version":[{"id":1341,"href":"http:\/\/stuebbenhaus.de\/index.php?rest_route=\/wp\/v2\/posts\/810\/revisions\/1341"}],"wp:attachment":[{"href":"http:\/\/stuebbenhaus.de\/index.php?rest_route=%2Fwp%2Fv2%2Fmedia&parent=810"}],"wp:term":[{"taxonomy":"category","embeddable":true,"href":"http:\/\/stuebbenhaus.de\/index.php?rest_route=%2Fwp%2Fv2%2Fcategories&post=810"},{"taxonomy":"post_tag","embeddable":true,"href":"http:\/\/stuebbenhaus.de\/index.php?rest_route=%2Fwp%2Fv2%2Ftags&post=810"}],"curies":[{"name":"wp","href":"https:\/\/api.w.org\/{rel}","templated":true}]}}