{"id":727,"date":"2010-12-03T10:09:34","date_gmt":"2010-12-03T09:09:34","guid":{"rendered":"http:\/\/www.stuebbenhaus.de\/?p=727"},"modified":"2011-05-12T09:00:36","modified_gmt":"2011-05-12T07:00:36","slug":"mit-der-elektrik-begonnen","status":"publish","type":"post","link":"http:\/\/stuebbenhaus.de\/?p=727","title":{"rendered":"Mit der Elektrik begonnen&#8230;"},"content":{"rendered":"<p>Bereits seit Mittwoch gehts den W\u00e4nden im Haus richtig an den Kragen. Das Verlegen der Elektrik steht f\u00fcr die n\u00e4chsten Wochen auf dem Programm. Hierf\u00fcr haben wir uns Hilfe geholt, da wir sowas von keine Ahnung in diesem Bereich haben. Ein Bekannter, der &#8222;zuf\u00e4llig&#8220; Informationselektroniker (wo sind bitte die altmodischen Bezeichnungen Elektriker und Radio. &amp; Fernsehinstallateur geblieben!?) ist wird uns anleiten, wie\/wo\/was zu tun ist. Die ganzen Anschl\u00fcsse, neuer Verteilerkasten etc. wird er nat\u00fcrlich \u00fcbernehmen. Gelernt ist nunmal gelernt \ud83d\ude42<\/p>\n<p>Nachdem wir uns in den letzten Wochen \u00fcber die Beleuchtung, LAN, Audio, Strom etc. klar werden mussten, haben wir am vergangenen Wochenende in den R\u00e4umen entsprechende Hinweise auf die W\u00e4nde geschrieben, damit er sich ein Bild machen kann.<\/p>\n<p><!--more-->Als erstes wurden dann unter der Woche die L\u00f6cher f\u00fcr s\u00e4mtliche Schalter in die W\u00e4nde gefr\u00e4st. Anschlie\u00dfend uns angezeichnet, wo wir bereits anfangen k\u00f6nnen, die Schlitze zu ziehen.<br \/>\nIch \u00fcbernahm die Schlitze f\u00fcr Leerrohre und alle tiefer ins Mauerwerk gehenden Stemmarbeiten, Katja k\u00fcmmerte sich um alle anderen.<\/p>\n<p>Leider sind manche W\u00e4nde zwischen den R\u00e4umen nicht allzu dick. So kriegen wir beispielsweise die Steckdosen f\u00fcr Schlaf- und Arbeitszimmer nicht an die geplanten Stellen, weil die Wand nicht die notwendige Dicke f\u00fcr 2 hintereinanderliegende Dosen bietet.<\/p>\n<p>[nggallery id=26]<\/p>\n","protected":false},"excerpt":{"rendered":"<p>Bereits seit Mittwoch gehts den W\u00e4nden im Haus richtig an den Kragen. Das Verlegen der Elektrik steht f\u00fcr die n\u00e4chsten Wochen auf dem Programm. Hierf\u00fcr haben wir uns Hilfe geholt, da wir sowas von keine Ahnung in diesem Bereich haben. Ein Bekannter, der &#8222;zuf\u00e4llig&#8220; Informationselektroniker (wo sind bitte die altmodischen Bezeichnungen Elektriker und Radio. &amp; [&hellip;]<\/p>\n","protected":false},"author":3,"featured_media":0,"comment_status":"open","ping_status":"open","sticky":false,"template":"","format":"standard","meta":{"jetpack_post_was_ever_published":false,"_jetpack_newsletter_access":"","_jetpack_dont_email_post_to_subs":false,"_jetpack_newsletter_tier_id":0,"footnotes":"","jetpack_publicize_message":"","jetpack_publicize_feature_enabled":true,"jetpack_social_post_already_shared":false,"jetpack_social_options":{"image_generator_settings":{"template":"highway","enabled":false}}},"categories":[3,5],"tags":[19],"jetpack_publicize_connections":[],"jetpack_featured_media_url":"","jetpack_shortlink":"https:\/\/wp.me\/pY1Uk-bJ","jetpack_sharing_enabled":true,"_links":{"self":[{"href":"http:\/\/stuebbenhaus.de\/index.php?rest_route=\/wp\/v2\/posts\/727"}],"collection":[{"href":"http:\/\/stuebbenhaus.de\/index.php?rest_route=\/wp\/v2\/posts"}],"about":[{"href":"http:\/\/stuebbenhaus.de\/index.php?rest_route=\/wp\/v2\/types\/post"}],"author":[{"embeddable":true,"href":"http:\/\/stuebbenhaus.de\/index.php?rest_route=\/wp\/v2\/users\/3"}],"replies":[{"embeddable":true,"href":"http:\/\/stuebbenhaus.de\/index.php?rest_route=%2Fwp%2Fv2%2Fcomments&post=727"}],"version-history":[{"count":6,"href":"http:\/\/stuebbenhaus.de\/index.php?rest_route=\/wp\/v2\/posts\/727\/revisions"}],"predecessor-version":[{"id":1348,"href":"http:\/\/stuebbenhaus.de\/index.php?rest_route=\/wp\/v2\/posts\/727\/revisions\/1348"}],"wp:attachment":[{"href":"http:\/\/stuebbenhaus.de\/index.php?rest_route=%2Fwp%2Fv2%2Fmedia&parent=727"}],"wp:term":[{"taxonomy":"category","embeddable":true,"href":"http:\/\/stuebbenhaus.de\/index.php?rest_route=%2Fwp%2Fv2%2Fcategories&post=727"},{"taxonomy":"post_tag","embeddable":true,"href":"http:\/\/stuebbenhaus.de\/index.php?rest_route=%2Fwp%2Fv2%2Ftags&post=727"}],"curies":[{"name":"wp","href":"https:\/\/api.w.org\/{rel}","templated":true}]}}