{"id":310,"date":"2010-09-02T20:10:59","date_gmt":"2010-09-02T18:10:59","guid":{"rendered":"http:\/\/www.stuebbenhaus.de\/?p=310"},"modified":"2011-05-12T10:35:50","modified_gmt":"2011-05-12T08:35:50","slug":"der-erste-tag-im-haus","status":"publish","type":"post","link":"http:\/\/stuebbenhaus.de\/?p=310","title":{"rendered":"Der erste Tag im Haus"},"content":{"rendered":"<p>Es ist schon ein seltsames Gef\u00fchl das Haus zu betreten und allein darin herum zu laufen. Nicht nur, weil man hier und da auf\u00a0 pers\u00f6nliche Sachen der Vorbesitzerin st\u00f6\u00dft, sondern auch, weil einem bewusst wird, dass dies das neue zu Hause f\u00fcr die n\u00e4chsten Jahrzehnte sein wird.<\/p>\n<p><a class=\"shutterset_\" href=\"http:\/\/www.stuebbenhaus.de\/wp-content\/gallery\/haus\/p1030597.jpg\" rel=\"lightbox[310]\"><img decoding=\"async\" class=\"ngg-singlepic ngg-left\" src=\"http:\/\/www.stuebbenhaus.de\/wp-content\/gallery\/haus\/thumbs\/thumbs_p1030597.jpg\" alt=\"Fr\u00f6hliche Armut von Karl Heinrich Waggerl\" \/><\/a>Heute haben wir begonnen, die noch verbliebenen M\u00f6bel und deren Inhalt vorerst in den Keller zu schaffen. Einiges wird in den n\u00e4chsten Tagen von der Lettlandhilfsorganisation abgeholt, manches werden wir versuchen auf einem der n\u00e4chsten Flohm\u00e4rkte bzw \u00fcber das Internet an Interessierte abzugeben.<\/p>\n<p>Beim Zusammenpacken stie\u00dfen wir dann auf den ein oder anderen Buchtitel, der besser als jede eigene Beschreibung unsere derzeitige Situation beschreibt.<\/p>\n<p><!--more--><\/p>\n<p><a class=\"shutterset_\" href=\"http:\/\/www.stuebbenhaus.de\/wp-content\/gallery\/haus\/p1030601.jpg\" rel=\"lightbox[310]\"><img decoding=\"async\" class=\"ngg-singlepic ngg-right\" src=\"http:\/\/www.stuebbenhaus.de\/wp-content\/gallery\/haus\/thumbs\/thumbs_p1030601.jpg\" alt=\"Und hoch die Tassen...\" \/><\/a>Danach gabs dann neben dem Pizzaboten noch Besuch: als erstes standen unsere Eltern auf der Matte. Katjas Eltern kannten das Haus nur von Fotos, meine Eltern hatten vor einigen Wochen das Gl\u00fcck, zusammen mit dem Architekten schonmal Hausluft zu schnuppern.<\/p>\n<p>Nat\u00fcrlich wurde wieder angesto\u00dfen (diesmal mit dem hellen Rotk\u00e4ppsche) und danach nochmal eine kleine F\u00fchrung durch das Haus gemacht.<\/p>\n<p><a class=\"shutterset_\" href=\"http:\/\/www.stuebbenhaus.de\/wp-content\/gallery\/haus\/p1030588.jpg\" rel=\"lightbox[310]\"><img decoding=\"async\" class=\"ngg-singlepic ngg-left\" src=\"http:\/\/www.stuebbenhaus.de\/wp-content\/gallery\/haus\/thumbs\/thumbs_p1030588.jpg\" alt=\"Molchose\" \/><\/a>Aber unsere Eltern waren nicht die einzigen Besucher. Auf der Terasse, welche im Laufe der letzten Jahrzehnte um etliche Zentimer abgesackt ist, fanden sich unter den Bodenplatte weitere G\u00e4ste.<\/p>\n","protected":false},"excerpt":{"rendered":"<p>Es ist schon ein seltsames Gef\u00fchl das Haus zu betreten und allein darin herum zu laufen. Nicht nur, weil man hier und da auf\u00a0 pers\u00f6nliche Sachen der Vorbesitzerin st\u00f6\u00dft, sondern auch, weil einem bewusst wird, dass dies das neue zu Hause f\u00fcr die n\u00e4chsten Jahrzehnte sein wird. Heute haben wir begonnen, die noch verbliebenen M\u00f6bel [&hellip;]<\/p>\n","protected":false},"author":3,"featured_media":0,"comment_status":"open","ping_status":"open","sticky":false,"template":"","format":"standard","meta":{"jetpack_post_was_ever_published":false,"_jetpack_newsletter_access":"","_jetpack_dont_email_post_to_subs":false,"_jetpack_newsletter_tier_id":0,"footnotes":"","jetpack_publicize_message":"","jetpack_publicize_feature_enabled":true,"jetpack_social_post_already_shared":false,"jetpack_social_options":{"image_generator_settings":{"template":"highway","enabled":false}}},"categories":[1],"tags":[279,138,92],"jetpack_publicize_connections":[],"jetpack_featured_media_url":"","jetpack_shortlink":"https:\/\/wp.me\/pY1Uk-50","jetpack_sharing_enabled":true,"_links":{"self":[{"href":"http:\/\/stuebbenhaus.de\/index.php?rest_route=\/wp\/v2\/posts\/310"}],"collection":[{"href":"http:\/\/stuebbenhaus.de\/index.php?rest_route=\/wp\/v2\/posts"}],"about":[{"href":"http:\/\/stuebbenhaus.de\/index.php?rest_route=\/wp\/v2\/types\/post"}],"author":[{"embeddable":true,"href":"http:\/\/stuebbenhaus.de\/index.php?rest_route=\/wp\/v2\/users\/3"}],"replies":[{"embeddable":true,"href":"http:\/\/stuebbenhaus.de\/index.php?rest_route=%2Fwp%2Fv2%2Fcomments&post=310"}],"version-history":[{"count":11,"href":"http:\/\/stuebbenhaus.de\/index.php?rest_route=\/wp\/v2\/posts\/310\/revisions"}],"predecessor-version":[{"id":320,"href":"http:\/\/stuebbenhaus.de\/index.php?rest_route=\/wp\/v2\/posts\/310\/revisions\/320"}],"wp:attachment":[{"href":"http:\/\/stuebbenhaus.de\/index.php?rest_route=%2Fwp%2Fv2%2Fmedia&parent=310"}],"wp:term":[{"taxonomy":"category","embeddable":true,"href":"http:\/\/stuebbenhaus.de\/index.php?rest_route=%2Fwp%2Fv2%2Fcategories&post=310"},{"taxonomy":"post_tag","embeddable":true,"href":"http:\/\/stuebbenhaus.de\/index.php?rest_route=%2Fwp%2Fv2%2Ftags&post=310"}],"curies":[{"name":"wp","href":"https:\/\/api.w.org\/{rel}","templated":true}]}}