{"id":2321,"date":"2017-03-03T07:00:17","date_gmt":"2017-03-03T06:00:17","guid":{"rendered":"http:\/\/stuebbenhaus.de\/?p=2321"},"modified":"2017-03-06T08:30:55","modified_gmt":"2017-03-06T07:30:55","slug":"hier-wohnen-wir-teil-2","status":"publish","type":"post","link":"http:\/\/stuebbenhaus.de\/?p=2321","title":{"rendered":"Hier wohnen wir &#8211; Teil 2"},"content":{"rendered":"<p>Nachdem der Eingangsbereich nun soweit vorbereitet war,\u00a0konnte mit den Arbeiten der neuen &#8222;Terrasse&#8220; begonnen werden. Hier holten wir uns eine ortsans\u00e4ssige Firma ins Boot, was sich als absoluten Gl\u00fccksgriff erwies, denn auch die hatten es einfach drauf (und waren von allen, die einen Kostenvoranschlag abgaben, mit Abstand die G\u00fcnstigsten).<\/p>\n<p>Als erstes wurde die restliche Garageneinfahrt weggestemmt und der Bereich in dem die B\u00e4ume standen verfestigt, damit der Aufbau nicht absacken konnte. Anschlie\u00dfend wurden die Begrenzungssteine betoniert und die Fl\u00e4che mit Mischkies aufgef\u00fcllt. Danach das Ganze mit Sand aufgef\u00fcllt und hierauf die Steinplatten verlegt.<\/p>\n<p>Am Ende des Tages war bereits alles fertig und die ersten Autofahrer nutzten die neue Fl\u00e4che bereits zum Wenden *GRMPF*<\/p>\n\n\t\t<style type=\"text\/css\">\n\t\t\t#gallery-1 {\n\t\t\t\tmargin: auto;\n\t\t\t}\n\t\t\t#gallery-1 .gallery-item {\n\t\t\t\tfloat: left;\n\t\t\t\tmargin-top: 10px;\n\t\t\t\ttext-align: center;\n\t\t\t\twidth: 25%;\n\t\t\t}\n\t\t\t#gallery-1 img {\n\t\t\t\tborder: 2px solid #cfcfcf;\n\t\t\t}\n\t\t\t#gallery-1 .gallery-caption {\n\t\t\t\tmargin-left: 0;\n\t\t\t}\n\t\t\t\/* see gallery_shortcode() in wp-includes\/media.php *\/\n\t\t<\/style>\n\t\t<div id='gallery-1' class='gallery galleryid-2321 gallery-columns-4 gallery-size-thumbnail'><dl class='gallery-item'>\n\t\t\t<dt class='gallery-icon landscape'>\n\t\t\t\t<a href='http:\/\/stuebbenhaus.de\/wp-content\/uploads\/2016\/09\/2016-03-16-09.35.26.jpg' rel=\"lightbox[2321]\"><img loading=\"lazy\" decoding=\"async\" width=\"150\" height=\"150\" src=\"http:\/\/stuebbenhaus.de\/wp-content\/uploads\/2016\/09\/2016-03-16-09.35.26-150x150.jpg\" class=\"attachment-thumbnail size-thumbnail\" alt=\"\" \/><\/a>\n\t\t\t<\/dt><\/dl><dl class='gallery-item'>\n\t\t\t<dt class='gallery-icon landscape'>\n\t\t\t\t<a href='http:\/\/stuebbenhaus.de\/wp-content\/uploads\/2016\/09\/2016-03-16-13.19.46.jpg' rel=\"lightbox[2321]\"><img loading=\"lazy\" decoding=\"async\" width=\"150\" height=\"150\" src=\"http:\/\/stuebbenhaus.de\/wp-content\/uploads\/2016\/09\/2016-03-16-13.19.46-150x150.jpg\" class=\"attachment-thumbnail size-thumbnail\" alt=\"\" \/><\/a>\n\t\t\t<\/dt><\/dl><dl class='gallery-item'>\n\t\t\t<dt class='gallery-icon landscape'>\n\t\t\t\t<a href='http:\/\/stuebbenhaus.de\/wp-content\/uploads\/2016\/09\/2016-03-16-15.20.05.jpg' rel=\"lightbox[2321]\"><img loading=\"lazy\" decoding=\"async\" width=\"150\" height=\"150\" src=\"http:\/\/stuebbenhaus.de\/wp-content\/uploads\/2016\/09\/2016-03-16-15.20.05-150x150.jpg\" class=\"attachment-thumbnail size-thumbnail\" alt=\"\" \/><\/a>\n\t\t\t<\/dt><\/dl><dl class='gallery-item'>\n\t\t\t<dt class='gallery-icon landscape'>\n\t\t\t\t<a href='http:\/\/stuebbenhaus.de\/wp-content\/uploads\/2016\/09\/2016-03-16-18.04.24.jpg' rel=\"lightbox[2321]\"><img loading=\"lazy\" decoding=\"async\" width=\"150\" height=\"150\" src=\"http:\/\/stuebbenhaus.de\/wp-content\/uploads\/2016\/09\/2016-03-16-18.04.24-150x150.jpg\" class=\"attachment-thumbnail size-thumbnail\" alt=\"\" \/><\/a>\n\t\t\t<\/dt><\/dl><br style=\"clear: both\" \/>\n\t\t<\/div>\n\n<p>Dann endlich konnten wir auch mal wieder etwas tun und es machte sogar Spa\u00df: der Zusammenbau des Gartenhauses.<\/p>\n<p><!--more--><\/p>\n<p>Dazu gibt es allerdings nicht viel zu berichten.\u00a0Die Bauanleitung war gut beschrieben und das einzige, was etwas m\u00fchsam war, war mal wieder die Unterkonstruktion.<br \/>\nDa die Terrasse ein leichtes Gef\u00e4lle hatte, das Gartenhaus aber ganz gerade aufgebaut werden musste, mussten wir mit mit alten Fliesen und Gummiresten aus dem Holzterrassenbau\u00a0die Kanth\u00f6lzer erst einmal in die Waage bringen.<\/p>\n<p>Anschlie\u00dfend ging es dann wie bei einem Stecksatz Schicht f\u00fcr Schicht in die H\u00f6he. Netter Weise bekamen wir unverhofft Unterst\u00fctzung von einem unserer Nachbarn, der kr\u00e4ftig mit anpackte und das ganze Projekt noch zus\u00e4tzlich beschleunigte.<\/p>\n<p>Zum Schluss noch das Dach zuerst mit einigen Bahnen Teerpappe vernagelt und anschlie\u00dfend die &#8222;Dachschindeln&#8220; (ebenfalls aus Teerpappe) aufgeklebt.<\/p>\n<p>Am Abend war die H\u00fctte dann komplett fertig zusammen gebaut.<\/p>\n\n\t\t<style type=\"text\/css\">\n\t\t\t#gallery-2 {\n\t\t\t\tmargin: auto;\n\t\t\t}\n\t\t\t#gallery-2 .gallery-item {\n\t\t\t\tfloat: left;\n\t\t\t\tmargin-top: 10px;\n\t\t\t\ttext-align: center;\n\t\t\t\twidth: 25%;\n\t\t\t}\n\t\t\t#gallery-2 img {\n\t\t\t\tborder: 2px solid #cfcfcf;\n\t\t\t}\n\t\t\t#gallery-2 .gallery-caption {\n\t\t\t\tmargin-left: 0;\n\t\t\t}\n\t\t\t\/* see gallery_shortcode() in wp-includes\/media.php *\/\n\t\t<\/style>\n\t\t<div id='gallery-2' class='gallery galleryid-2321 gallery-columns-4 gallery-size-thumbnail'><dl class='gallery-item'>\n\t\t\t<dt class='gallery-icon landscape'>\n\t\t\t\t<a href='http:\/\/stuebbenhaus.de\/wp-content\/uploads\/2016\/09\/2016-04-08-15.43.16.jpg' rel=\"lightbox[2321]\"><img loading=\"lazy\" decoding=\"async\" width=\"150\" height=\"150\" src=\"http:\/\/stuebbenhaus.de\/wp-content\/uploads\/2016\/09\/2016-04-08-15.43.16-150x150.jpg\" class=\"attachment-thumbnail size-thumbnail\" alt=\"\" \/><\/a>\n\t\t\t<\/dt><\/dl><dl class='gallery-item'>\n\t\t\t<dt class='gallery-icon landscape'>\n\t\t\t\t<a href='http:\/\/stuebbenhaus.de\/wp-content\/uploads\/2016\/09\/2016-04-08-16.55.55.jpg' rel=\"lightbox[2321]\"><img loading=\"lazy\" decoding=\"async\" width=\"150\" height=\"150\" src=\"http:\/\/stuebbenhaus.de\/wp-content\/uploads\/2016\/09\/2016-04-08-16.55.55-150x150.jpg\" class=\"attachment-thumbnail size-thumbnail\" alt=\"\" \/><\/a>\n\t\t\t<\/dt><\/dl><dl class='gallery-item'>\n\t\t\t<dt class='gallery-icon landscape'>\n\t\t\t\t<a href='http:\/\/stuebbenhaus.de\/wp-content\/uploads\/2016\/09\/2016-04-08-19.36.08.jpg' rel=\"lightbox[2321]\"><img loading=\"lazy\" decoding=\"async\" width=\"150\" height=\"150\" src=\"http:\/\/stuebbenhaus.de\/wp-content\/uploads\/2016\/09\/2016-04-08-19.36.08-150x150.jpg\" class=\"attachment-thumbnail size-thumbnail\" alt=\"\" \/><\/a>\n\t\t\t<\/dt><\/dl><dl class='gallery-item'>\n\t\t\t<dt class='gallery-icon landscape'>\n\t\t\t\t<a href='http:\/\/stuebbenhaus.de\/wp-content\/uploads\/2016\/09\/2016-04-11-20.38.59.jpg' rel=\"lightbox[2321]\"><img loading=\"lazy\" decoding=\"async\" width=\"150\" height=\"150\" src=\"http:\/\/stuebbenhaus.de\/wp-content\/uploads\/2016\/09\/2016-04-11-20.38.59-150x150.jpg\" class=\"attachment-thumbnail size-thumbnail\" alt=\"\" \/><\/a>\n\t\t\t<\/dt><\/dl><br style=\"clear: both\" \/>\n\t\t<\/div>\n\n","protected":false},"excerpt":{"rendered":"<p>Nachdem der Eingangsbereich nun soweit vorbereitet war,\u00a0konnte mit den Arbeiten der neuen &#8222;Terrasse&#8220; begonnen werden. Hier holten wir uns eine ortsans\u00e4ssige Firma ins Boot, was sich als absoluten Gl\u00fccksgriff erwies, denn auch die hatten es einfach drauf (und waren von allen, die einen Kostenvoranschlag abgaben, mit Abstand die G\u00fcnstigsten). Als erstes wurde die restliche Garageneinfahrt [&hellip;]<\/p>\n","protected":false},"author":3,"featured_media":0,"comment_status":"open","ping_status":"open","sticky":false,"template":"","format":"standard","meta":{"jetpack_post_was_ever_published":false,"_jetpack_newsletter_access":"","_jetpack_dont_email_post_to_subs":true,"_jetpack_newsletter_tier_id":0,"footnotes":"","jetpack_publicize_message":"","jetpack_publicize_feature_enabled":true,"jetpack_social_post_already_shared":true,"jetpack_social_options":{"image_generator_settings":{"template":"highway","enabled":false}}},"categories":[57,3],"tags":[291,58,293,290],"jetpack_publicize_connections":[],"jetpack_featured_media_url":"","jetpack_shortlink":"https:\/\/wp.me\/pY1Uk-Br","jetpack_sharing_enabled":true,"_links":{"self":[{"href":"http:\/\/stuebbenhaus.de\/index.php?rest_route=\/wp\/v2\/posts\/2321"}],"collection":[{"href":"http:\/\/stuebbenhaus.de\/index.php?rest_route=\/wp\/v2\/posts"}],"about":[{"href":"http:\/\/stuebbenhaus.de\/index.php?rest_route=\/wp\/v2\/types\/post"}],"author":[{"embeddable":true,"href":"http:\/\/stuebbenhaus.de\/index.php?rest_route=\/wp\/v2\/users\/3"}],"replies":[{"embeddable":true,"href":"http:\/\/stuebbenhaus.de\/index.php?rest_route=%2Fwp%2Fv2%2Fcomments&post=2321"}],"version-history":[{"count":8,"href":"http:\/\/stuebbenhaus.de\/index.php?rest_route=\/wp\/v2\/posts\/2321\/revisions"}],"predecessor-version":[{"id":2348,"href":"http:\/\/stuebbenhaus.de\/index.php?rest_route=\/wp\/v2\/posts\/2321\/revisions\/2348"}],"wp:attachment":[{"href":"http:\/\/stuebbenhaus.de\/index.php?rest_route=%2Fwp%2Fv2%2Fmedia&parent=2321"}],"wp:term":[{"taxonomy":"category","embeddable":true,"href":"http:\/\/stuebbenhaus.de\/index.php?rest_route=%2Fwp%2Fv2%2Fcategories&post=2321"},{"taxonomy":"post_tag","embeddable":true,"href":"http:\/\/stuebbenhaus.de\/index.php?rest_route=%2Fwp%2Fv2%2Ftags&post=2321"}],"curies":[{"name":"wp","href":"https:\/\/api.w.org\/{rel}","templated":true}]}}