{"id":2043,"date":"2013-12-16T07:00:19","date_gmt":"2013-12-16T06:00:19","guid":{"rendered":"http:\/\/www.stuebbenhaus.de\/?p=2043"},"modified":"2013-12-12T15:00:42","modified_gmt":"2013-12-12T14:00:42","slug":"fassadenarbeiten","status":"publish","type":"post","link":"http:\/\/stuebbenhaus.de\/?p=2043","title":{"rendered":"Fassadenarbeiten"},"content":{"rendered":"<p>Auf den letzten Metern des laufenden Jahres haben wir tats\u00e4chlich nochmal etwas (verh\u00e4ltnism\u00e4\u00dfig) Gro\u00dfes geschafft: Die Fassade ist fertig gestrichen.<br \/>\nDas klingt im ersten Augenblick gar nicht so aufw\u00e4ndig, wars dann aber doch.<\/p>\n<p>Grund f\u00fcr diese sp\u00e4ten Arbeiten waren unsere Nachbarn, die sich ein neues Dach geg\u00f6nnt haben und deshalb sowieso ein Teil unseres Hauses einger\u00fcstet werden musste. Der Aufwand f\u00fcr den Ger\u00fcstbauer, unsere Fassade gleich mit einzur\u00fcsten war daher \u00fcberschaubar.<br \/>\nLeider spielte das Wetter nicht allzugut mit, so dass sich die Arbeiten \u00fcber mehrere Wochen zogen.<\/p>\n<p><a href=\"http:\/\/www.stuebbenhaus.de\/wp-content\/uploads\/2013\/12\/fassade10.jpg\" rel=\"lightbox[2043]\"><img loading=\"lazy\" decoding=\"async\" class=\"alignleft size-thumbnail wp-image-2044\" alt=\"Efeureste entfernen\" src=\"http:\/\/www.stuebbenhaus.de\/wp-content\/uploads\/2013\/12\/fassade10-150x150.jpg\" width=\"150\" height=\"150\" \/><\/a>Als erstes ging es daran, die verbliebenen Efeureste zu entfernen.<br \/>\nIch hatte in der Vergangenheit bereits alles m\u00f6gliche versucht, um die kleinen Wurzeln zumindest halbwegs ab zu bekommen, aber weder Hochdruckreiniger, Drahtb\u00fcrste noch ein Spachtel halfen. Also entschied ich mich f\u00fcr die Holzhammermethode und habe mir im Baumarkt einen &#8222;Flammenwerfer f\u00fcr Arme&#8220; gekauft. Damit bekam ich einen Gro\u00dfteil der Efeureste abgefackelt und anschlie\u00dfend mit der Drahtb\u00fcrste entfernt. Wirklich ganz weg bekommen habe ich es aber nicht, da die Wurzeln im laufe der Jahre schon viel zu tief in den Putz eingedrungen waren. Diese Methode war allerdings weitaus effektiver, als alle anderen Versuche. Grob gesch\u00e4tzt habe ich damit gut 50% der Wurzelreste entfernt bekommen.<\/p>\n<p><!--more--><br \/>\n<a href=\"http:\/\/www.stuebbenhaus.de\/wp-content\/uploads\/2013\/12\/fassade04.jpg\" rel=\"lightbox[2043]\"><img loading=\"lazy\" decoding=\"async\" class=\"alignleft size-thumbnail wp-image-2049\" alt=\"Vordach (abgeschliffen)\" src=\"http:\/\/www.stuebbenhaus.de\/wp-content\/uploads\/2013\/12\/fassade04-150x150.jpg\" width=\"150\" height=\"150\" \/><\/a>Als n\u00e4chstes war der vorstehenden Teil des Daches dran, der augenscheinlich seit Jahrzenten keine frische Farbe mehr gesehen hatte. Die Balken mussten teilweise mit Schleifblock und Schmirgelpapier angeschliffen werden, weil die Maschine nicht in die Ecken kam. Das war bisher mit die bescheidenste Arbeit beim gesamten Hausumbau! Einen kompletten Tag nur \u00fcberkopf Arbeiten, bei dem der ganze Mist einem ins Gesicht rieselt. Ohne Kaputze, Schutzbrille (dauernd beschlagen) und Mundschutz ging da gar nichts. Dazu musste ich mich gegen die Wand dr\u00fccken, weil das Ger\u00fcst zu weit von der Hauswand entfernt stand, um von dort aus unters Dach zu kommen. Am Abend habens mir meine Knie, mein R\u00fccken und die Arme gedankt \ud83d\ude09<\/p>\n<p><a href=\"http:\/\/www.stuebbenhaus.de\/wp-content\/uploads\/2013\/12\/fassade06.jpg\" rel=\"lightbox[2043]\"><img loading=\"lazy\" decoding=\"async\" class=\"alignleft size-thumbnail wp-image-2048\" alt=\"Vordach streichen\" src=\"http:\/\/www.stuebbenhaus.de\/wp-content\/uploads\/2013\/12\/fassade06-e1386854805313-150x150.jpg\" width=\"150\" height=\"150\" \/><\/a>Der n\u00e4chste trockene Tag wurde genutzt, um den Dach\u00fcberstand zu streichen. Auf Anraten von <a title=\"Policarpo\" href=\"http:\/\/www.policarpo-allroundservice.de\/\">Fille<\/a> hatte ich zur etwas teureren <a title=\"Remmers\" href=\"(http:\/\/www.remmers.de\/fileadmin\/data\/de\/produkte\/doc\/tm\/TM1_3600_DE.pdf)\">Farbe von Remmers<\/a> gegriffen. Ich habe zwar keine Vergleichsm\u00f6glichkeit, aber die genutzte Farbe lie\u00df sich prima streichen und deckte schon beim ersten Anstrich hervorragend. Der Zweitanstrich folgte ein paar Stunden sp\u00e4ter.<br \/>\n<br class=\"clear\" \/><br \/>\nNach einer 2 w\u00f6chigen Zwangspause (Regen) konnte der letzte Akt angegangen werden. W\u00e4hrend mein Vater die Fuge zwischen Dach\u00fcberstand und Fassade mit Silikon f\u00fcllte, habe ich die Fenster abgeklebt. Aufgrund der Temperatur (um die 6\u00b0 Grad) und dem unebenen &amp; unsauberen Untergrund hielt das teure Au\u00dfenklebeband nicht, weshalb ich zu Altbew\u00e4hrtem griff: Gaffa<br \/>\nVorteil: Klebt immer, egal bei welchem Wetter und auf welchem Untergrund<br \/>\nNachteil: klebt keine saubere Kante, weshalb Farbe drunterlaufen kann<\/p>\n<p>An einigen Stellen ist das Dunkelgrau leider doch unter das Klebeband gekommen. Bei der Fassade war es mir aber letztendlich egal, dass der Farbwechsel hellgrau\/dunkelgrau nicht 100%ig genau klappte. Was solls, sieht man auch nur, wenn man direkt davor steht. Bei Innenr\u00e4umen h\u00e4tte ich es nochmal gestrichen, bei der Fassade werde ich es vermutlich im Fr\u00fchjahr nochmal mit einem feinen Pinsel nachbessern.<\/p>\n<p>Alles in allem sind wir mit dem Ergebnis aber mehr als zufrieden. Es konnte aber auch kaum schlimmer als vorher aussehen \ud83d\ude09<\/p>\n\n\t\t<style type=\"text\/css\">\n\t\t\t#gallery-1 {\n\t\t\t\tmargin: auto;\n\t\t\t}\n\t\t\t#gallery-1 .gallery-item {\n\t\t\t\tfloat: left;\n\t\t\t\tmargin-top: 10px;\n\t\t\t\ttext-align: center;\n\t\t\t\twidth: 25%;\n\t\t\t}\n\t\t\t#gallery-1 img {\n\t\t\t\tborder: 2px solid #cfcfcf;\n\t\t\t}\n\t\t\t#gallery-1 .gallery-caption {\n\t\t\t\tmargin-left: 0;\n\t\t\t}\n\t\t\t\/* see gallery_shortcode() in wp-includes\/media.php *\/\n\t\t<\/style>\n\t\t<div id='gallery-1' class='gallery galleryid-2043 gallery-columns-4 gallery-size-thumbnail'><dl class='gallery-item'>\n\t\t\t<dt class='gallery-icon landscape'>\n\t\t\t\t<a href='http:\/\/stuebbenhaus.de\/wp-content\/uploads\/2013\/12\/fassade01.jpg' rel=\"lightbox[2043]\"><img loading=\"lazy\" decoding=\"async\" width=\"150\" height=\"150\" src=\"http:\/\/stuebbenhaus.de\/wp-content\/uploads\/2013\/12\/fassade01-150x150.jpg\" class=\"attachment-thumbnail size-thumbnail\" alt=\"\" \/><\/a>\n\t\t\t<\/dt><\/dl><dl class='gallery-item'>\n\t\t\t<dt class='gallery-icon landscape'>\n\t\t\t\t<a href='http:\/\/stuebbenhaus.de\/wp-content\/uploads\/2013\/12\/fassade15.jpg' rel=\"lightbox[2043]\"><img loading=\"lazy\" decoding=\"async\" width=\"150\" height=\"150\" src=\"http:\/\/stuebbenhaus.de\/wp-content\/uploads\/2013\/12\/fassade15-150x150.jpg\" class=\"attachment-thumbnail size-thumbnail\" alt=\"\" \/><\/a>\n\t\t\t<\/dt><\/dl><dl class='gallery-item'>\n\t\t\t<dt class='gallery-icon landscape'>\n\t\t\t\t<a href='http:\/\/stuebbenhaus.de\/wp-content\/uploads\/2013\/12\/fassade16.jpg' rel=\"lightbox[2043]\"><img loading=\"lazy\" decoding=\"async\" width=\"150\" height=\"150\" src=\"http:\/\/stuebbenhaus.de\/wp-content\/uploads\/2013\/12\/fassade16-150x150.jpg\" class=\"attachment-thumbnail size-thumbnail\" alt=\"\" \/><\/a>\n\t\t\t<\/dt><\/dl><dl class='gallery-item'>\n\t\t\t<dt class='gallery-icon landscape'>\n\t\t\t\t<a href='http:\/\/stuebbenhaus.de\/wp-content\/uploads\/2013\/12\/fassade18.jpg' rel=\"lightbox[2043]\"><img loading=\"lazy\" decoding=\"async\" width=\"150\" height=\"150\" src=\"http:\/\/stuebbenhaus.de\/wp-content\/uploads\/2013\/12\/fassade18-150x150.jpg\" class=\"attachment-thumbnail size-thumbnail\" alt=\"\" \/><\/a>\n\t\t\t<\/dt><\/dl><br style=\"clear: both\" \/><dl class='gallery-item'>\n\t\t\t<dt class='gallery-icon portrait'>\n\t\t\t\t<a href='http:\/\/stuebbenhaus.de\/wp-content\/uploads\/2013\/12\/fassade20.jpg' rel=\"lightbox[2043]\"><img loading=\"lazy\" decoding=\"async\" width=\"150\" height=\"150\" src=\"http:\/\/stuebbenhaus.de\/wp-content\/uploads\/2013\/12\/fassade20-150x150.jpg\" class=\"attachment-thumbnail size-thumbnail\" alt=\"\" \/><\/a>\n\t\t\t<\/dt><\/dl><dl class='gallery-item'>\n\t\t\t<dt class='gallery-icon landscape'>\n\t\t\t\t<a href='http:\/\/stuebbenhaus.de\/wp-content\/uploads\/2013\/12\/fassade21.jpg' rel=\"lightbox[2043]\"><img loading=\"lazy\" decoding=\"async\" width=\"150\" height=\"150\" src=\"http:\/\/stuebbenhaus.de\/wp-content\/uploads\/2013\/12\/fassade21-150x150.jpg\" class=\"attachment-thumbnail size-thumbnail\" alt=\"\" \/><\/a>\n\t\t\t<\/dt><\/dl><dl class='gallery-item'>\n\t\t\t<dt class='gallery-icon landscape'>\n\t\t\t\t<a href='http:\/\/stuebbenhaus.de\/wp-content\/uploads\/2013\/12\/fertig.jpg' rel=\"lightbox[2043]\"><img loading=\"lazy\" decoding=\"async\" width=\"150\" height=\"150\" src=\"http:\/\/stuebbenhaus.de\/wp-content\/uploads\/2013\/12\/fertig-150x150.jpg\" class=\"attachment-thumbnail size-thumbnail\" alt=\"\" \/><\/a>\n\t\t\t<\/dt><\/dl>\n\t\t\t<br style='clear: both' \/>\n\t\t<\/div>\n\n","protected":false},"excerpt":{"rendered":"<p>Auf den letzten Metern des laufenden Jahres haben wir tats\u00e4chlich nochmal etwas (verh\u00e4ltnism\u00e4\u00dfig) Gro\u00dfes geschafft: Die Fassade ist fertig gestrichen. Das klingt im ersten Augenblick gar nicht so aufw\u00e4ndig, wars dann aber doch. Grund f\u00fcr diese sp\u00e4ten Arbeiten waren unsere Nachbarn, die sich ein neues Dach geg\u00f6nnt haben und deshalb sowieso ein Teil unseres Hauses [&hellip;]<\/p>\n","protected":false},"author":3,"featured_media":0,"comment_status":"open","ping_status":"open","sticky":false,"template":"","format":"standard","meta":{"jetpack_post_was_ever_published":false,"_jetpack_newsletter_access":"","_jetpack_dont_email_post_to_subs":false,"_jetpack_newsletter_tier_id":0,"footnotes":"","jetpack_publicize_message":"","jetpack_publicize_feature_enabled":true,"jetpack_social_post_already_shared":true,"jetpack_social_options":{"image_generator_settings":{"template":"highway","enabled":false}}},"categories":[5,7],"tags":[231,124,254,255,162],"jetpack_publicize_connections":[],"jetpack_featured_media_url":"","jetpack_shortlink":"https:\/\/wp.me\/pY1Uk-wX","jetpack_sharing_enabled":true,"_links":{"self":[{"href":"http:\/\/stuebbenhaus.de\/index.php?rest_route=\/wp\/v2\/posts\/2043"}],"collection":[{"href":"http:\/\/stuebbenhaus.de\/index.php?rest_route=\/wp\/v2\/posts"}],"about":[{"href":"http:\/\/stuebbenhaus.de\/index.php?rest_route=\/wp\/v2\/types\/post"}],"author":[{"embeddable":true,"href":"http:\/\/stuebbenhaus.de\/index.php?rest_route=\/wp\/v2\/users\/3"}],"replies":[{"embeddable":true,"href":"http:\/\/stuebbenhaus.de\/index.php?rest_route=%2Fwp%2Fv2%2Fcomments&post=2043"}],"version-history":[{"count":16,"href":"http:\/\/stuebbenhaus.de\/index.php?rest_route=\/wp\/v2\/posts\/2043\/revisions"}],"predecessor-version":[{"id":2069,"href":"http:\/\/stuebbenhaus.de\/index.php?rest_route=\/wp\/v2\/posts\/2043\/revisions\/2069"}],"wp:attachment":[{"href":"http:\/\/stuebbenhaus.de\/index.php?rest_route=%2Fwp%2Fv2%2Fmedia&parent=2043"}],"wp:term":[{"taxonomy":"category","embeddable":true,"href":"http:\/\/stuebbenhaus.de\/index.php?rest_route=%2Fwp%2Fv2%2Fcategories&post=2043"},{"taxonomy":"post_tag","embeddable":true,"href":"http:\/\/stuebbenhaus.de\/index.php?rest_route=%2Fwp%2Fv2%2Ftags&post=2043"}],"curies":[{"name":"wp","href":"https:\/\/api.w.org\/{rel}","templated":true}]}}