{"id":1988,"date":"2013-08-16T10:27:22","date_gmt":"2013-08-16T08:27:22","guid":{"rendered":"http:\/\/www.stuebbenhaus.de\/?p=1988"},"modified":"2013-08-16T10:27:22","modified_gmt":"2013-08-16T08:27:22","slug":"gruen-gruen-gruen","status":"publish","type":"post","link":"http:\/\/stuebbenhaus.de\/?p=1988","title":{"rendered":"Gr\u00fcn, gr\u00fcn, gr\u00fcn&#8230;"},"content":{"rendered":"<p>Lang, lang ist&#8217;s her, dass wir uns an dieser Stelle gemeldet haben. Deshalb wird es Zeit, Euch mit Infos und Fotos rund ums St\u00fcbbenhaus zu versorgen. Wer immer aktuell sein m\u00f6chte, kann uns \u00fcber <a title=\"@stuebbenhaus\" href=\"https:\/\/twitter.com\/#!\/stuebbenhaus\" target=\"_blank\">Twitter<\/a> folgen, oder auf der rechten Seite in der Twitterbox nachschauen.<\/p>\n<p>Die erste Jahresh\u00e4lfte war wettertechnisch so mieserabel, dass wir erst Ende Mai mit den Arbeiten im Garten loslegen konnten. Den Startschuss gab ungewollt mein Bruder, als er uns einige qm Rollrasen \u00fcberlie\u00df, die bei seiner Verlegeaktion \u00fcbrig geblieben waren. Die Matten waren zwar schon 2 Tage \u00fcber dem &#8222;Verfallsdatum&#8220;, aber da die H\u00fcgellandschaft zwischen Weg und Garageneinfahrt sowieso auf dem Plan stand, nahmen wir dankend an und legten noch am selben Tag los.<\/p>\n<p>Abfallcontainer f\u00fcr Erd- und Grasreste geordert, die ersten 10m\u00b2 Erde abgetragen, mit den F\u00fc\u00dfen den Untergrund &#8222;plattgewatschelt&#8220; ;), D\u00fcnger auf die Fl\u00e4che und die Rasenbahnen verlegt. Alles in allem dauerte die Aktion einen Sonntag und wir hatten unser erstes Fleckchen Rasen \ud83d\ude42<\/p>\n\n\t\t<style type=\"text\/css\">\n\t\t\t#gallery-1 {\n\t\t\t\tmargin: auto;\n\t\t\t}\n\t\t\t#gallery-1 .gallery-item {\n\t\t\t\tfloat: left;\n\t\t\t\tmargin-top: 10px;\n\t\t\t\ttext-align: center;\n\t\t\t\twidth: 25%;\n\t\t\t}\n\t\t\t#gallery-1 img {\n\t\t\t\tborder: 2px solid #cfcfcf;\n\t\t\t}\n\t\t\t#gallery-1 .gallery-caption {\n\t\t\t\tmargin-left: 0;\n\t\t\t}\n\t\t\t\/* see gallery_shortcode() in wp-includes\/media.php *\/\n\t\t<\/style>\n\t\t<div id='gallery-1' class='gallery galleryid-1988 gallery-columns-4 gallery-size-thumbnail'><dl class='gallery-item'>\n\t\t\t<dt class='gallery-icon portrait'>\n\t\t\t\t<a href='http:\/\/stuebbenhaus.de\/wp-content\/uploads\/2013\/08\/garten03.jpg' rel=\"lightbox[1988]\"><img loading=\"lazy\" decoding=\"async\" width=\"150\" height=\"150\" src=\"http:\/\/stuebbenhaus.de\/wp-content\/uploads\/2013\/08\/garten03-150x150.jpg\" class=\"attachment-thumbnail size-thumbnail\" alt=\"\" aria-describedby=\"gallery-1-1991\" \/><\/a>\n\t\t\t<\/dt>\n\t\t\t\t<dd class='wp-caption-text gallery-caption' id='gallery-1-1991'>\n\t\t\t\tRasenteilst\u00fcck vor der Verlegeaktion\n\t\t\t\t<\/dd><\/dl><dl class='gallery-item'>\n\t\t\t<dt class='gallery-icon portrait'>\n\t\t\t\t<a href='http:\/\/stuebbenhaus.de\/wp-content\/uploads\/2013\/08\/garten02.jpg' rel=\"lightbox[1988]\"><img loading=\"lazy\" decoding=\"async\" width=\"150\" height=\"150\" src=\"http:\/\/stuebbenhaus.de\/wp-content\/uploads\/2013\/08\/garten02-150x150.jpg\" class=\"attachment-thumbnail size-thumbnail\" alt=\"\" aria-describedby=\"gallery-1-1992\" \/><\/a>\n\t\t\t<\/dt>\n\t\t\t\t<dd class='wp-caption-text gallery-caption' id='gallery-1-1992'>\n\t\t\t\tDank der Gasleitung sah es seit 2 Jahren so aus\n\t\t\t\t<\/dd><\/dl><dl class='gallery-item'>\n\t\t\t<dt class='gallery-icon landscape'>\n\t\t\t\t<a href='http:\/\/stuebbenhaus.de\/wp-content\/uploads\/2013\/08\/garten04.jpg' rel=\"lightbox[1988]\"><img loading=\"lazy\" decoding=\"async\" width=\"150\" height=\"150\" src=\"http:\/\/stuebbenhaus.de\/wp-content\/uploads\/2013\/08\/garten04-150x150.jpg\" class=\"attachment-thumbnail size-thumbnail\" alt=\"\" aria-describedby=\"gallery-1-2004\" \/><\/a>\n\t\t\t<\/dt>\n\t\t\t\t<dd class='wp-caption-text gallery-caption' id='gallery-1-2004'>\n\t\t\t\tdie 1m\u00b2 gro\u00dfen Rasenrollen werden zurecht geschnitten\n\t\t\t\t<\/dd><\/dl><dl class='gallery-item'>\n\t\t\t<dt class='gallery-icon portrait'>\n\t\t\t\t<a href='http:\/\/stuebbenhaus.de\/wp-content\/uploads\/2013\/08\/garten05.jpg' rel=\"lightbox[1988]\"><img loading=\"lazy\" decoding=\"async\" width=\"150\" height=\"150\" src=\"http:\/\/stuebbenhaus.de\/wp-content\/uploads\/2013\/08\/garten05-150x150.jpg\" class=\"attachment-thumbnail size-thumbnail\" alt=\"\" aria-describedby=\"gallery-1-2005\" \/><\/a>\n\t\t\t<\/dt>\n\t\t\t\t<dd class='wp-caption-text gallery-caption' id='gallery-1-2005'>\n\t\t\t\tUnterschied wie Tag &#038; Nacht\n\t\t\t\t<\/dd><\/dl><br style=\"clear: both\" \/>\n\t\t<\/div>\n\n<p><!--more-->Dank regelm\u00e4\u00dfigem Bew\u00e4ssern gedieh der Rasen hervorragend und nach einer Woche sahen wir das adhoc Projekt als gegl\u00fcckt und planten bereits die restliche Fl\u00e4che zu begr\u00fcnen. Diesmal mit besserer Vorbereitung und ein wenig Ahnung von der Materie, dank diverser Internetseiten, die mit Tipps zum richtigen <a title=\"Gut Bruchhausen\" href=\"http:\/\/www.fertig-rasen.de\/\" target=\"_blank\">Verlegen<\/a>, <a title=\"Rasenprofi\" href=\"http:\/\/www.rasenprofi.de\/pflege\" target=\"_blank\">Pflegen<\/a> und <a title=\"Rollrasenshop\" href=\"http:\/\/www.rollrasenshop.de\/rollrasen-pflege\/rollrasen-d-nger\/\" target=\"_blank\">D\u00fcngen<\/a> zur Seite standen.<\/p>\n<p>Das einzige Problem bei der ganzen Sache war, dass der bereits verlegte Rasen zu tief lag, da wir lediglich die Erdschicht abgetragen, aber keinen neuen Mutterboden aufgesch\u00fcttet hatten. Dadurch hatten wir neben den Steinplatten, die zum Haus f\u00fchren, einen Absatz von 3-4cm, was das Risiko hier mal umzuknicken deutlich erh\u00f6hte.<\/p>\n<p>Also musste der frisch verlegte Rasen im Zuge der Aktion nochmals heruntergenommen werden, was ihm bis heute nicht gut bekommen ist.<\/p>\n<p>Nach knapp 3,5 Tonnen abgetragenem Erdreich, 4 Tonnen frischem mit Kalk und Sand vermischten Mutterboden, dem Walzen des Bodens (damit das Erdreich anschlie\u00dfend nicht absackt und die Fl\u00e4che plan bleibt) und einem leichten Anw\u00e4ssern &amp; Anrauhen konnte 2 Wochen nach der ersten Verlegeaktion die komplette Fl\u00e4che mit Rollrasen ausgelegt werden.<\/p>\n<p>Der Unterschied zum bereits kr\u00e4ftig gr\u00fcn wuchernden Rasens war enorm und wir waren uns nicht sicher, ob der neu dazugekaufte Rasen qualitativ gleichwertig ist, aber nach dem ersten M\u00e4hen sah die Fl\u00e4che schon recht einheitlich aus. Leider bildeten sich auf dem ersten Rasenst\u00fcck sehr schnell kahle oder braune Stellen, die wir trotz D\u00fcngen nicht mehr gr\u00fcn bekamen. Dies hoffen wir im September (der Rasen kann sich in Ruhe entwickeln, da die Gr\u00fcnfl\u00e4chen in dieser Zeit erfahrungsgem\u00e4\u00df weniger betreten werden als im Fr\u00fchjahr) mit einer Nachsaat wieder in den Griff zu bekommen. N\u00e4chstes Jahr wissen wir mehr&#8230;<\/p>\n\n\t\t<style type=\"text\/css\">\n\t\t\t#gallery-2 {\n\t\t\t\tmargin: auto;\n\t\t\t}\n\t\t\t#gallery-2 .gallery-item {\n\t\t\t\tfloat: left;\n\t\t\t\tmargin-top: 10px;\n\t\t\t\ttext-align: center;\n\t\t\t\twidth: 25%;\n\t\t\t}\n\t\t\t#gallery-2 img {\n\t\t\t\tborder: 2px solid #cfcfcf;\n\t\t\t}\n\t\t\t#gallery-2 .gallery-caption {\n\t\t\t\tmargin-left: 0;\n\t\t\t}\n\t\t\t\/* see gallery_shortcode() in wp-includes\/media.php *\/\n\t\t<\/style>\n\t\t<div id='gallery-2' class='gallery galleryid-1988 gallery-columns-4 gallery-size-thumbnail'><dl class='gallery-item'>\n\t\t\t<dt class='gallery-icon portrait'>\n\t\t\t\t<a href='http:\/\/stuebbenhaus.de\/wp-content\/uploads\/2013\/08\/garten06.jpg' rel=\"lightbox[1988]\"><img loading=\"lazy\" decoding=\"async\" width=\"150\" height=\"150\" src=\"http:\/\/stuebbenhaus.de\/wp-content\/uploads\/2013\/08\/garten06-150x150.jpg\" class=\"attachment-thumbnail size-thumbnail\" alt=\"\" aria-describedby=\"gallery-2-2006\" \/><\/a>\n\t\t\t<\/dt>\n\t\t\t\t<dd class='wp-caption-text gallery-caption' id='gallery-2-2006'>\n\t\t\t\tDer Rest vom Vorgarten wird abgetragen\n\t\t\t\t<\/dd><\/dl><dl class='gallery-item'>\n\t\t\t<dt class='gallery-icon portrait'>\n\t\t\t\t<a href='http:\/\/stuebbenhaus.de\/wp-content\/uploads\/2013\/08\/garten07.jpg' rel=\"lightbox[1988]\"><img loading=\"lazy\" decoding=\"async\" width=\"150\" height=\"150\" src=\"http:\/\/stuebbenhaus.de\/wp-content\/uploads\/2013\/08\/garten07-150x150.jpg\" class=\"attachment-thumbnail size-thumbnail\" alt=\"\" aria-describedby=\"gallery-2-2007\" \/><\/a>\n\t\t\t<\/dt>\n\t\t\t\t<dd class='wp-caption-text gallery-caption' id='gallery-2-2007'>\n\t\t\t\tUmgegrabenes Erdreich\n\t\t\t\t<\/dd><\/dl><dl class='gallery-item'>\n\t\t\t<dt class='gallery-icon portrait'>\n\t\t\t\t<a href='http:\/\/stuebbenhaus.de\/wp-content\/uploads\/2013\/08\/garten08.jpg' rel=\"lightbox[1988]\"><img loading=\"lazy\" decoding=\"async\" width=\"150\" height=\"150\" src=\"http:\/\/stuebbenhaus.de\/wp-content\/uploads\/2013\/08\/garten08-150x150.jpg\" class=\"attachment-thumbnail size-thumbnail\" alt=\"\" aria-describedby=\"gallery-2-2008\" \/><\/a>\n\t\t\t<\/dt>\n\t\t\t\t<dd class='wp-caption-text gallery-caption' id='gallery-2-2008'>\n\t\t\t\tZwei Container mit je 2t Erde werden verteilt\n\t\t\t\t<\/dd><\/dl><dl class='gallery-item'>\n\t\t\t<dt class='gallery-icon portrait'>\n\t\t\t\t<a href='http:\/\/stuebbenhaus.de\/wp-content\/uploads\/2013\/08\/garten09.jpg' rel=\"lightbox[1988]\"><img loading=\"lazy\" decoding=\"async\" width=\"150\" height=\"150\" src=\"http:\/\/stuebbenhaus.de\/wp-content\/uploads\/2013\/08\/garten09-150x150.jpg\" class=\"attachment-thumbnail size-thumbnail\" alt=\"\" aria-describedby=\"gallery-2-2009\" \/><\/a>\n\t\t\t<\/dt>\n\t\t\t\t<dd class='wp-caption-text gallery-caption' id='gallery-2-2009'>\n\t\t\t\tIch mach alles platt\n\t\t\t\t<\/dd><\/dl><br style=\"clear: both\" \/><dl class='gallery-item'>\n\t\t\t<dt class='gallery-icon landscape'>\n\t\t\t\t<a href='http:\/\/stuebbenhaus.de\/wp-content\/uploads\/2013\/08\/garten10.jpg' rel=\"lightbox[1988]\"><img loading=\"lazy\" decoding=\"async\" width=\"150\" height=\"150\" src=\"http:\/\/stuebbenhaus.de\/wp-content\/uploads\/2013\/08\/garten10-150x150.jpg\" class=\"attachment-thumbnail size-thumbnail\" alt=\"\" aria-describedby=\"gallery-2-1999\" \/><\/a>\n\t\t\t<\/dt>\n\t\t\t\t<dd class='wp-caption-text gallery-caption' id='gallery-2-1999'>\n\t\t\t\tDer Boden ist vorbereitet\n\t\t\t\t<\/dd><\/dl><dl class='gallery-item'>\n\t\t\t<dt class='gallery-icon landscape'>\n\t\t\t\t<a href='http:\/\/stuebbenhaus.de\/wp-content\/uploads\/2013\/08\/garten11.jpg' rel=\"lightbox[1988]\"><img loading=\"lazy\" decoding=\"async\" width=\"150\" height=\"150\" src=\"http:\/\/stuebbenhaus.de\/wp-content\/uploads\/2013\/08\/garten11-150x150.jpg\" class=\"attachment-thumbnail size-thumbnail\" alt=\"\" aria-describedby=\"gallery-2-2000\" \/><\/a>\n\t\t\t<\/dt>\n\t\t\t\t<dd class='wp-caption-text gallery-caption' id='gallery-2-2000'>\n\t\t\t\tTino harkt nochmal nach\n\t\t\t\t<\/dd><\/dl><dl class='gallery-item'>\n\t\t\t<dt class='gallery-icon portrait'>\n\t\t\t\t<a href='http:\/\/stuebbenhaus.de\/wp-content\/uploads\/2013\/08\/garten12.jpg' rel=\"lightbox[1988]\"><img loading=\"lazy\" decoding=\"async\" width=\"150\" height=\"150\" src=\"http:\/\/stuebbenhaus.de\/wp-content\/uploads\/2013\/08\/garten12-150x150.jpg\" class=\"attachment-thumbnail size-thumbnail\" alt=\"\" aria-describedby=\"gallery-2-2001\" \/><\/a>\n\t\t\t<\/dt>\n\t\t\t\t<dd class='wp-caption-text gallery-caption' id='gallery-2-2001'>\n\t\t\t\tFertig\n\t\t\t\t<\/dd><\/dl><dl class='gallery-item'>\n\t\t\t<dt class='gallery-icon portrait'>\n\t\t\t\t<a href='http:\/\/stuebbenhaus.de\/wp-content\/uploads\/2013\/08\/garten13.jpg' rel=\"lightbox[1988]\"><img loading=\"lazy\" decoding=\"async\" width=\"150\" height=\"150\" src=\"http:\/\/stuebbenhaus.de\/wp-content\/uploads\/2013\/08\/garten13-150x150.jpg\" class=\"attachment-thumbnail size-thumbnail\" alt=\"\" aria-describedby=\"gallery-2-2002\" \/><\/a>\n\t\t\t<\/dt>\n\t\t\t\t<dd class='wp-caption-text gallery-caption' id='gallery-2-2002'>\n\t\t\t\tNach einer Woche\n\t\t\t\t<\/dd><\/dl><br style=\"clear: both\" \/>\n\t\t<\/div>\n\n<p>Alles in allem war die Aktion trotz der vereinzelten kahlen Stellen aber ein voller Erfolg. Es h\u00e4tte allerdings auch kaum schlimmer aussehen k\u00f6nnen, als es vorher der Fall war \ud83d\ude09<\/p>\n<p>Unserer kleinen Maus gef\u00e4llt es jedenfalls<\/p>\n<p><a href=\"http:\/\/www.stuebbenhaus.de\/wp-content\/uploads\/2013\/08\/garten14.jpg\" rel=\"lightbox[1988]\"><img loading=\"lazy\" decoding=\"async\" class=\"alignnone size-medium wp-image-2003\" title=\"Lisa im Garten\" alt=\"das erste mal im Garten abh\u00e4ngen\" src=\"http:\/\/www.stuebbenhaus.de\/wp-content\/uploads\/2013\/08\/garten14-300x225.jpg\" width=\"300\" height=\"225\" srcset=\"http:\/\/stuebbenhaus.de\/wp-content\/uploads\/2013\/08\/garten14-300x225.jpg 300w, http:\/\/stuebbenhaus.de\/wp-content\/uploads\/2013\/08\/garten14.jpg 800w\" sizes=\"(max-width: 300px) 100vw, 300px\" \/><\/a><\/p>\n","protected":false},"excerpt":{"rendered":"<p>Lang, lang ist&#8217;s her, dass wir uns an dieser Stelle gemeldet haben. Deshalb wird es Zeit, Euch mit Infos und Fotos rund ums St\u00fcbbenhaus zu versorgen. Wer immer aktuell sein m\u00f6chte, kann uns \u00fcber Twitter folgen, oder auf der rechten Seite in der Twitterbox nachschauen. Die erste Jahresh\u00e4lfte war wettertechnisch so mieserabel, dass wir erst [&hellip;]<\/p>\n","protected":false},"author":3,"featured_media":0,"comment_status":"open","ping_status":"open","sticky":false,"template":"","format":"standard","meta":{"jetpack_post_was_ever_published":false,"_jetpack_newsletter_access":"","_jetpack_dont_email_post_to_subs":false,"_jetpack_newsletter_tier_id":0,"footnotes":"","jetpack_publicize_message":"","jetpack_publicize_feature_enabled":true,"jetpack_social_post_already_shared":true,"jetpack_social_options":{"image_generator_settings":{"template":"highway","enabled":false}}},"categories":[57],"tags":[246,245,279,38,247,244,242,243],"jetpack_publicize_connections":[],"jetpack_featured_media_url":"","jetpack_shortlink":"https:\/\/wp.me\/pY1Uk-w4","jetpack_sharing_enabled":true,"_links":{"self":[{"href":"http:\/\/stuebbenhaus.de\/index.php?rest_route=\/wp\/v2\/posts\/1988"}],"collection":[{"href":"http:\/\/stuebbenhaus.de\/index.php?rest_route=\/wp\/v2\/posts"}],"about":[{"href":"http:\/\/stuebbenhaus.de\/index.php?rest_route=\/wp\/v2\/types\/post"}],"author":[{"embeddable":true,"href":"http:\/\/stuebbenhaus.de\/index.php?rest_route=\/wp\/v2\/users\/3"}],"replies":[{"embeddable":true,"href":"http:\/\/stuebbenhaus.de\/index.php?rest_route=%2Fwp%2Fv2%2Fcomments&post=1988"}],"version-history":[{"count":14,"href":"http:\/\/stuebbenhaus.de\/index.php?rest_route=\/wp\/v2\/posts\/1988\/revisions"}],"predecessor-version":[{"id":2015,"href":"http:\/\/stuebbenhaus.de\/index.php?rest_route=\/wp\/v2\/posts\/1988\/revisions\/2015"}],"wp:attachment":[{"href":"http:\/\/stuebbenhaus.de\/index.php?rest_route=%2Fwp%2Fv2%2Fmedia&parent=1988"}],"wp:term":[{"taxonomy":"category","embeddable":true,"href":"http:\/\/stuebbenhaus.de\/index.php?rest_route=%2Fwp%2Fv2%2Fcategories&post=1988"},{"taxonomy":"post_tag","embeddable":true,"href":"http:\/\/stuebbenhaus.de\/index.php?rest_route=%2Fwp%2Fv2%2Ftags&post=1988"}],"curies":[{"name":"wp","href":"https:\/\/api.w.org\/{rel}","templated":true}]}}