{"id":1939,"date":"2012-12-19T17:18:01","date_gmt":"2012-12-19T16:18:01","guid":{"rendered":"http:\/\/www.stuebbenhaus.de\/?p=1939"},"modified":"2012-12-19T17:18:01","modified_gmt":"2012-12-19T16:18:01","slug":"dreisam","status":"publish","type":"post","link":"http:\/\/stuebbenhaus.de\/?p=1939","title":{"rendered":"Dreisam"},"content":{"rendered":"<p>Wie Ihr dem Blogtitel und der heutigen \u00dcberschrift entnehmen k\u00f6nnt, sind wir mittlerweile zu dritt im St\u00fcbbenhaus \ud83d\ude42 Am 02.12.2012 um 20:37 Uhr kam unsere Tochter Lisa Marie auf die Welt (3.590g , 50cm, Kopfumfang 34cm).<\/p>\n<div id=\"attachment_1940\" style=\"width: 160px\" class=\"wp-caption alignnone\"><a href=\"http:\/\/www.stuebbenhaus.de\/wp-content\/uploads\/2012\/12\/2012-12-02-21.06.07.jpg\" rel=\"lightbox[1939]\"><img loading=\"lazy\" decoding=\"async\" aria-describedby=\"caption-attachment-1940\" class=\"size-thumbnail wp-image-1940\" alt=\"Unsere Tochter nach der Geburt\" src=\"http:\/\/www.stuebbenhaus.de\/wp-content\/uploads\/2012\/12\/2012-12-02-21.06.07-150x150.jpg\" width=\"150\" height=\"150\" \/><\/a><p id=\"caption-attachment-1940\" class=\"wp-caption-text\">Unsere Tochter nach der Geburt<\/p><\/div>\n<p>Bis es allerdings soweit war, hatten wir (eigentlich fast ausschlie\u00dflich Katja) etliche H\u00fcrden zu meistern. Es verlief n\u00e4mlich alles anders, als geplant, so dass die kleine Maus kurz vor knapp per Kaiserschnitt geholt werden musste. Das ganze Drumherum hier nieder zu schreiben, w\u00fcrde den Rahmen sprengen, deshalb belassen wir es einfach dabei, dass wir sehr froh und gl\u00fccklich sind, dass sowohl Mutter als auch Tochter gesund und (wieder) genesen sind.<\/p>\n<p>Auch die Heimkehr ins St\u00fcbbenhaus verlief etwas holprig, denn Katja lag direkt die ersten Tage mit einem Magen\/Darmvirus flach, was Lisa auch nicht grad prickelnd fand&#8230;<\/p>\n<p><a href=\"http:\/\/www.stuebbenhaus.de\/wp-content\/uploads\/2012\/12\/2012-12-11-11.05.26.jpg\" rel=\"lightbox[1939]\"><img loading=\"lazy\" decoding=\"async\" class=\"alignnone size-thumbnail wp-image-1943\" alt=\"Skepsis\" src=\"http:\/\/www.stuebbenhaus.de\/wp-content\/uploads\/2012\/12\/2012-12-11-11.05.26-150x150.jpg\" width=\"150\" height=\"150\" \/><\/a><\/p>\n<p>Dank eines Hausbesuchs vom Doc und <del>vielen bunten Smarties<\/del> Tabletten konnten wir dann endlich die zweite gemeinsame Woche im Haus genie\u00dfen und Katja sich von den zur\u00fcckliegenden Strapazen etwas erholen. Abgesehen vom Schlafmangel und einem Tagesrhythmus, der eher im Jazz angesiedelt scheint \ud83d\ude09 geht es uns prima!<\/p>\n<p><!--more--><\/p>\n<div id=\"attachment_1944\" style=\"width: 160px\" class=\"wp-caption alignnone\"><a href=\"http:\/\/www.stuebbenhaus.de\/wp-content\/uploads\/2012\/12\/2012-12-13-16.30.59.jpg\" rel=\"lightbox[1939]\"><img loading=\"lazy\" decoding=\"async\" aria-describedby=\"caption-attachment-1944\" class=\"size-thumbnail wp-image-1944\" alt=\"Endlich Erholung\" src=\"http:\/\/www.stuebbenhaus.de\/wp-content\/uploads\/2012\/12\/2012-12-13-16.30.59-150x150.jpg\" width=\"150\" height=\"150\" \/><\/a><p id=\"caption-attachment-1944\" class=\"wp-caption-text\">Endlich Erholung<\/p><\/div>\n<p>An dieser Stelle auch nochmal ein RIESEN DANKESCH\u00d6N an alle, die uns in den vergangenen Wochen mit Gl\u00fcckw\u00fcnschen und Geschenken \u00fcberh\u00e4uft haben! Wir haben uns wirklich sehr dar\u00fcber gefreut! Wir k\u00f6nnten aus den Bildern vom Gabentisch eine Fotoserie machen, so schnell wuchs er in den letzten Tagen und immer, wenn ich dachte, &#8222;dieses Foto kannst du nun endlich f\u00fcr den Blog nutzen&#8220; kam die Post\/Nachbarn\/Freunde und packten noch etwas drauf \ud83d\ude42<\/p>\n<div id=\"attachment_1945\" style=\"width: 160px\" class=\"wp-caption alignnone\"><a href=\"http:\/\/www.stuebbenhaus.de\/wp-content\/uploads\/2012\/12\/2012-12-18-10.54.59.jpg\" rel=\"lightbox[1939]\"><img loading=\"lazy\" decoding=\"async\" aria-describedby=\"caption-attachment-1945\" class=\"size-thumbnail wp-image-1945\" alt=\"Geschenke, Geschenke, Geschenke\" src=\"http:\/\/www.stuebbenhaus.de\/wp-content\/uploads\/2012\/12\/2012-12-18-10.54.59-150x150.jpg\" width=\"150\" height=\"150\" \/><\/a><p id=\"caption-attachment-1945\" class=\"wp-caption-text\">aktueller Stand<\/p><\/div>\n<p>Die ersten &#8222;Ausfl\u00fcge&#8220; im Kinderwagen und Maxi Cosi haben wir trotz miesem Wetter auch schon gemacht, meine besonderen Highlights sind aber die Spazierg\u00e4nge als K\u00e4nguruh-Papa \ud83d\ude09<\/p>\n<div id=\"attachment_1946\" style=\"width: 160px\" class=\"wp-caption alignnone\"><a href=\"http:\/\/www.stuebbenhaus.de\/wp-content\/uploads\/2012\/12\/2012-12-18-11.18.59.jpg\" rel=\"lightbox[1939]\"><img loading=\"lazy\" decoding=\"async\" aria-describedby=\"caption-attachment-1946\" class=\"size-thumbnail wp-image-1946\" alt=\"Bis auf die kleinen F\u00fc\u00dfe ist nicht viel zu sehen von Lisa\" src=\"http:\/\/www.stuebbenhaus.de\/wp-content\/uploads\/2012\/12\/2012-12-18-11.18.59-150x150.jpg\" width=\"150\" height=\"150\" \/><\/a><p id=\"caption-attachment-1946\" class=\"wp-caption-text\">Bis auf die kleinen F\u00fc\u00dfe ist nicht viel zu sehen von Lisa<\/p><\/div>\n<p>Nach 17 Tagen wiegt das kleine Paket 3.850g, misst 55cm und der Kopfumfang betr\u00e4gt 36cm.<\/p>\n\n\t\t<style type=\"text\/css\">\n\t\t\t#gallery-1 {\n\t\t\t\tmargin: auto;\n\t\t\t}\n\t\t\t#gallery-1 .gallery-item {\n\t\t\t\tfloat: left;\n\t\t\t\tmargin-top: 10px;\n\t\t\t\ttext-align: center;\n\t\t\t\twidth: 20%;\n\t\t\t}\n\t\t\t#gallery-1 img {\n\t\t\t\tborder: 2px solid #cfcfcf;\n\t\t\t}\n\t\t\t#gallery-1 .gallery-caption {\n\t\t\t\tmargin-left: 0;\n\t\t\t}\n\t\t\t\/* see gallery_shortcode() in wp-includes\/media.php *\/\n\t\t<\/style>\n\t\t<div id='gallery-1' class='gallery galleryid-1939 gallery-columns-5 gallery-size-thumbnail'><dl class='gallery-item'>\n\t\t\t<dt class='gallery-icon portrait'>\n\t\t\t\t<a href='http:\/\/stuebbenhaus.de\/wp-content\/uploads\/2012\/12\/2012-12-13-12.40.33.jpg' rel=\"lightbox[1939]\"><img loading=\"lazy\" decoding=\"async\" width=\"150\" height=\"150\" src=\"http:\/\/stuebbenhaus.de\/wp-content\/uploads\/2012\/12\/2012-12-13-12.40.33-150x150.jpg\" class=\"attachment-thumbnail size-thumbnail\" alt=\"\" \/><\/a>\n\t\t\t<\/dt><\/dl><dl class='gallery-item'>\n\t\t\t<dt class='gallery-icon landscape'>\n\t\t\t\t<a href='http:\/\/stuebbenhaus.de\/wp-content\/uploads\/2012\/12\/2012-12-17-19.27.07.jpg' rel=\"lightbox[1939]\"><img loading=\"lazy\" decoding=\"async\" width=\"150\" height=\"150\" src=\"http:\/\/stuebbenhaus.de\/wp-content\/uploads\/2012\/12\/2012-12-17-19.27.07-150x150.jpg\" class=\"attachment-thumbnail size-thumbnail\" alt=\"\" \/><\/a>\n\t\t\t<\/dt><\/dl><dl class='gallery-item'>\n\t\t\t<dt class='gallery-icon landscape'>\n\t\t\t\t<a href='http:\/\/stuebbenhaus.de\/wp-content\/uploads\/2012\/12\/2012-12-17-19.26.42.jpg' rel=\"lightbox[1939]\"><img loading=\"lazy\" decoding=\"async\" width=\"150\" height=\"150\" src=\"http:\/\/stuebbenhaus.de\/wp-content\/uploads\/2012\/12\/2012-12-17-19.26.42-150x150.jpg\" class=\"attachment-thumbnail size-thumbnail\" alt=\"\" \/><\/a>\n\t\t\t<\/dt><\/dl><dl class='gallery-item'>\n\t\t\t<dt class='gallery-icon portrait'>\n\t\t\t\t<a href='http:\/\/stuebbenhaus.de\/wp-content\/uploads\/2012\/12\/2012-12-13-00.49.54.jpg' rel=\"lightbox[1939]\"><img loading=\"lazy\" decoding=\"async\" width=\"150\" height=\"150\" src=\"http:\/\/stuebbenhaus.de\/wp-content\/uploads\/2012\/12\/2012-12-13-00.49.54-150x150.jpg\" class=\"attachment-thumbnail size-thumbnail\" alt=\"\" \/><\/a>\n\t\t\t<\/dt><\/dl><dl class='gallery-item'>\n\t\t\t<dt class='gallery-icon landscape'>\n\t\t\t\t<a href='http:\/\/stuebbenhaus.de\/wp-content\/uploads\/2012\/12\/2012-12-19-14.09.40-Kopie.jpg' rel=\"lightbox[1939]\"><img loading=\"lazy\" decoding=\"async\" width=\"150\" height=\"150\" src=\"http:\/\/stuebbenhaus.de\/wp-content\/uploads\/2012\/12\/2012-12-19-14.09.40-Kopie-150x150.jpg\" class=\"attachment-thumbnail size-thumbnail\" alt=\"\" \/><\/a>\n\t\t\t<\/dt><\/dl><br style=\"clear: both\" \/>\n\t\t<\/div>\n\n<p>Ach und der Fortuna Krei\u00dfsaal war dann doch nicht so toll, wie urspr\u00fcnglich gedacht. Der war lt. Hebammen damals nur f\u00fcr die Medien herausgeputzt worden. Mittlerweile h\u00e4ngen dort lediglich noch 3 Fahnen von <a href=\"http:\/\/www.fortuna-duesseldorf.de\" target=\"_blank\">Fortuna D\u00fcsseldorf<\/a> und auf dem ein oder anderen Ger\u00e4t klebt ein F95 Sticker.<\/p>\n<p><a href=\"http:\/\/www.stuebbenhaus.de\/wp-content\/uploads\/2012\/12\/2012-11-30-08.58.59.jpg\" rel=\"lightbox[1939]\"><img loading=\"lazy\" decoding=\"async\" class=\"alignnone size-thumbnail wp-image-1959\" alt=\"Fortuna Krei\u00dfsaal\" src=\"http:\/\/www.stuebbenhaus.de\/wp-content\/uploads\/2012\/12\/2012-11-30-08.58.59-150x150.jpg\" width=\"150\" height=\"150\" \/><\/a><\/p>\n","protected":false},"excerpt":{"rendered":"<p>Wie Ihr dem Blogtitel und der heutigen \u00dcberschrift entnehmen k\u00f6nnt, sind wir mittlerweile zu dritt im St\u00fcbbenhaus \ud83d\ude42 Am 02.12.2012 um 20:37 Uhr kam unsere Tochter Lisa Marie auf die Welt (3.590g , 50cm, Kopfumfang 34cm). Bis es allerdings soweit war, hatten wir (eigentlich fast ausschlie\u00dflich Katja) etliche H\u00fcrden zu meistern. Es verlief n\u00e4mlich alles [&hellip;]<\/p>\n","protected":false},"author":3,"featured_media":0,"comment_status":"open","ping_status":"open","sticky":false,"template":"","format":"standard","meta":{"jetpack_post_was_ever_published":false,"_jetpack_newsletter_access":"","_jetpack_dont_email_post_to_subs":false,"_jetpack_newsletter_tier_id":0,"footnotes":"","jetpack_publicize_message":"","jetpack_publicize_feature_enabled":true,"jetpack_social_post_already_shared":true,"jetpack_social_options":{"image_generator_settings":{"template":"highway","enabled":false}}},"categories":[6],"tags":[235,240,239,233,238,237,241,236],"jetpack_publicize_connections":[],"jetpack_featured_media_url":"","jetpack_shortlink":"https:\/\/wp.me\/sY1Uk-dreisam","jetpack_sharing_enabled":true,"_links":{"self":[{"href":"http:\/\/stuebbenhaus.de\/index.php?rest_route=\/wp\/v2\/posts\/1939"}],"collection":[{"href":"http:\/\/stuebbenhaus.de\/index.php?rest_route=\/wp\/v2\/posts"}],"about":[{"href":"http:\/\/stuebbenhaus.de\/index.php?rest_route=\/wp\/v2\/types\/post"}],"author":[{"embeddable":true,"href":"http:\/\/stuebbenhaus.de\/index.php?rest_route=\/wp\/v2\/users\/3"}],"replies":[{"embeddable":true,"href":"http:\/\/stuebbenhaus.de\/index.php?rest_route=%2Fwp%2Fv2%2Fcomments&post=1939"}],"version-history":[{"count":10,"href":"http:\/\/stuebbenhaus.de\/index.php?rest_route=\/wp\/v2\/posts\/1939\/revisions"}],"predecessor-version":[{"id":1962,"href":"http:\/\/stuebbenhaus.de\/index.php?rest_route=\/wp\/v2\/posts\/1939\/revisions\/1962"}],"wp:attachment":[{"href":"http:\/\/stuebbenhaus.de\/index.php?rest_route=%2Fwp%2Fv2%2Fmedia&parent=1939"}],"wp:term":[{"taxonomy":"category","embeddable":true,"href":"http:\/\/stuebbenhaus.de\/index.php?rest_route=%2Fwp%2Fv2%2Fcategories&post=1939"},{"taxonomy":"post_tag","embeddable":true,"href":"http:\/\/stuebbenhaus.de\/index.php?rest_route=%2Fwp%2Fv2%2Ftags&post=1939"}],"curies":[{"name":"wp","href":"https:\/\/api.w.org\/{rel}","templated":true}]}}