{"id":1892,"date":"2012-06-06T14:16:13","date_gmt":"2012-06-06T12:16:13","guid":{"rendered":"http:\/\/www.stuebbenhaus.de\/?p=1892"},"modified":"2012-06-06T14:35:56","modified_gmt":"2012-06-06T12:35:56","slug":"es-grunt-so-grun","status":"publish","type":"post","link":"http:\/\/stuebbenhaus.de\/?p=1892","title":{"rendered":"Es gr\u00fcnt so gr\u00fcn&#8230;"},"content":{"rendered":"<p>Es ist langsam mal wieder an der Zeit, ein kleines Update zu schreiben. Die vergangenen 2 Monate waren wir nat\u00fcrlich nicht vollkommen unt\u00e4tig, allerdings beschr\u00e4nkt sich die Arbeit mittlerweile meist auf das Wochenende.<\/p>\n<p>Im letzten Monat haben wir uns verst\u00e4rkt um unseren &#8222;Wald&#8220; gek\u00fcmmert. Die B\u00e4ume auf dem Grundst\u00fcck sollten etwas &#8222;ausged\u00fcnnt&#8220; werden, damit sie bei Sturm aufgrund ihres Volumens nicht allzu schief im Wind stehen. Hierf\u00fcr hatten wir tatkr\u00e4ftige Unterst\u00fctzung von Katjas Arbeitskollegen und seinem Bruder, die das fr\u00fcher beruflich gemacht haben.<\/p>\n<p>Auf den Bildern kommt es leider gar nicht r\u00fcber, wie hoch oben die zwei sich in den B\u00e4umen bewegten (nat\u00fcrlich stets fachm\u00e4nnisch gesichert).<\/p>\n<p>Beim n\u00e4chsten Treffen werden sie noch das Efeu, welches mind. zwei B\u00e4ume komplett bis zur Spitze umrankt, entfernen. Die B\u00e4ume sind zwar gesund, aber auf lange Sicht w\u00fcrde der Efeu daf\u00fcr sorgen, dass sich der Stamm nicht ausdehnen kann und sogar abfault. Au\u00dferdem entzieht der Efeu dem Baum wichtige N\u00e4hrstoffe.<\/p>\n<p>Geeignete \u00c4ste und St\u00e4mme habe ich dann in m\u00fchsamer S\u00e4gearbeit zerkleinert und zum Trocknen in der Garage eingelagert. Da wird sich die Feuerschale im n\u00e4chsten Jahr freuen \ud83d\ude09<\/p>\n<p>[nggallery id=134]<\/p>\n<p><!--more--><\/p>\n<p>Katja hat sich in den Wochen weiter um das Beet vorm Eingang gek\u00fcmmert. Da bl\u00fcht es mittlerweile ordentlich, auch wenn wir gar nicht wissen, was da alles aus dem Boden kommt. Der Einfachheit halber hatte sie 2 Packungen gemischte Samen rings um die Zwiebeln ges\u00e4t \ud83d\ude09<\/p>\n<p>Die ersten Pflanzsteine sind ebenfalls best\u00fcckt. Wir mussten leider lange auf die Lieferung warten, so dass die im Wohnzimmer angez\u00fcchteten K\u00fcrbisse und Stachelgurken schon viel zu lange in den kleinen Zuchtschalen waren und nun nicht so richtig wachsen wollen.<\/p>\n<p>[nggallery id=135]<\/p>\n<p>Auch im Keller hat sich Platztechnisch einiges getan. Zum einen sind wir endlich den restlichen Sperrm\u00fcll los (wir waren uns bei Einzug nicht sicher, ob wir Teile davon noch ben\u00f6tigen w\u00fcrden), zum anderen haben wir s\u00e4mtlichen Bauschutt, der noch im Keller lagerte, entsorgt. Die frei gewordenen W\u00e4nde zieren nun rostfreie Regalsysteme \ud83d\ude42<\/p>\n","protected":false},"excerpt":{"rendered":"<p>Es ist langsam mal wieder an der Zeit, ein kleines Update zu schreiben. Die vergangenen 2 Monate waren wir nat\u00fcrlich nicht vollkommen unt\u00e4tig, allerdings beschr\u00e4nkt sich die Arbeit mittlerweile meist auf das Wochenende. Im letzten Monat haben wir uns verst\u00e4rkt um unseren &#8222;Wald&#8220; gek\u00fcmmert. Die B\u00e4ume auf dem Grundst\u00fcck sollten etwas &#8222;ausged\u00fcnnt&#8220; werden, damit sie [&hellip;]<\/p>\n","protected":false},"author":3,"featured_media":0,"comment_status":"open","ping_status":"open","sticky":false,"template":"","format":"standard","meta":{"jetpack_post_was_ever_published":false,"_jetpack_newsletter_access":"","_jetpack_dont_email_post_to_subs":false,"_jetpack_newsletter_tier_id":0,"footnotes":"","jetpack_publicize_message":"","jetpack_publicize_feature_enabled":true,"jetpack_social_post_already_shared":false,"jetpack_social_options":{"image_generator_settings":{"template":"highway","enabled":false}}},"categories":[6,5],"tags":[226,227,113,279,38,228],"jetpack_publicize_connections":[],"jetpack_featured_media_url":"","jetpack_shortlink":"https:\/\/wp.me\/pY1Uk-uw","jetpack_sharing_enabled":true,"_links":{"self":[{"href":"http:\/\/stuebbenhaus.de\/index.php?rest_route=\/wp\/v2\/posts\/1892"}],"collection":[{"href":"http:\/\/stuebbenhaus.de\/index.php?rest_route=\/wp\/v2\/posts"}],"about":[{"href":"http:\/\/stuebbenhaus.de\/index.php?rest_route=\/wp\/v2\/types\/post"}],"author":[{"embeddable":true,"href":"http:\/\/stuebbenhaus.de\/index.php?rest_route=\/wp\/v2\/users\/3"}],"replies":[{"embeddable":true,"href":"http:\/\/stuebbenhaus.de\/index.php?rest_route=%2Fwp%2Fv2%2Fcomments&post=1892"}],"version-history":[{"count":10,"href":"http:\/\/stuebbenhaus.de\/index.php?rest_route=\/wp\/v2\/posts\/1892\/revisions"}],"predecessor-version":[{"id":1903,"href":"http:\/\/stuebbenhaus.de\/index.php?rest_route=\/wp\/v2\/posts\/1892\/revisions\/1903"}],"wp:attachment":[{"href":"http:\/\/stuebbenhaus.de\/index.php?rest_route=%2Fwp%2Fv2%2Fmedia&parent=1892"}],"wp:term":[{"taxonomy":"category","embeddable":true,"href":"http:\/\/stuebbenhaus.de\/index.php?rest_route=%2Fwp%2Fv2%2Fcategories&post=1892"},{"taxonomy":"post_tag","embeddable":true,"href":"http:\/\/stuebbenhaus.de\/index.php?rest_route=%2Fwp%2Fv2%2Ftags&post=1892"}],"curies":[{"name":"wp","href":"https:\/\/api.w.org\/{rel}","templated":true}]}}