{"id":1843,"date":"2011-12-20T11:36:43","date_gmt":"2011-12-20T10:36:43","guid":{"rendered":"http:\/\/www.stuebbenhaus.de\/?p=1843"},"modified":"2012-01-05T16:06:13","modified_gmt":"2012-01-05T15:06:13","slug":"vorweihnachtliches-geplankel","status":"publish","type":"post","link":"http:\/\/stuebbenhaus.de\/?p=1843","title":{"rendered":"Vorweihnachtliches Gepl\u00e4nkel"},"content":{"rendered":"<p>Kurz vor den Feiertagen gibt es noch ein paar kleine Updates der vergangenen Tage. Dem Flur im EG haben wir eine neue <a title=\"IKEA - Hemnes Kommode\" href=\"http:\/\/www.ikea.com\/de\/de\/catalog\/products\/00067830\/\">Kommode<\/a> spendiert, so dass nun auch die letzten Umzugskartons endlich ausgepackt sind \ud83d\ude42<\/p>\n<p>Urspr\u00fcnglich sollte \u00fcber die Kommode der passende Spiegel horizontal aufgeh\u00e4ngt werden, wir tendieren aber mehr und mehr dazu, ihn rechts neben der K\u00fcchent\u00fcr hochkant zu befestigen. Bis Ende der Woche wollen wir uns endg\u00fcltig entscheiden, was nun aus <a title=\"IKEA - Hemnes Spiegel\" href=\"http:\/\/www.ikea.com\/de\/de\/catalog\/products\/70034916\/\">Hemnes<\/a> wird.<br \/>\n[nggallery id=128]<\/p>\n<p>Die Weihnachtsdeko ist auch schon vom Dachboden geholt und Katja hat Treppenhaus und Wohnzimmer dekoriert. Den Baum haben wir bereits aufgebaut, geschm\u00fcckt wird er aber erst an <em>hl. Morgen<\/em> (\u00a9 by Sabine W.)<\/p>\n<p><a title=\"\" href=\"http:\/\/www.stuebbenhaus.de\/wp-content\/gallery\/haus\/bild-007.jpg\" rel=\"lightbox[]\"><img decoding=\"async\" class=\"ngg-singlepic ngg-left\" src=\"http:\/\/www.stuebbenhaus.de\/wp-content\/gallery\/haus\/thumbs\/thumbs_bild-007.jpg\" alt=\"Steckdosen Vorgarten\" \/><\/a>Gestern war Jolle (unser Elektriker) nochmal vor Ort und hat die letzten Arbeiten abgeschlossen. Der T\u00fcr\u00f6ffner und die Klingel am Eingangstor sind nun montiert und wir hoffen damit endlich Ruhe zu haben vor ungebetenen G\u00e4sten, die sogar ihre Hunde auf unserem Grundst\u00fcck &#8222;Gassi&#8220; f\u00fchrten.<\/p>\n<p><!--more--><\/p>\n<p>Au\u00dferdem haben wir nun auch f\u00fcr den Vorgarten 2 Au\u00dfensteckdosen. Die habe ich dann direkt in Beschlag genommen und die Lichterketten im Garten auf 2 der Eiben gehangen. Und als ob das nicht schon sch\u00f6n genug w\u00e4re, fing es gestern Abend ordentlich zu Schneien an. Das Schneeschippen heute fr\u00fch ging dann viel leichter von der Hand, mit der entsprechenden &#8222;Funzelbeleuchtung&#8220; \ud83d\ude09<br \/>\n[nggallery id=127]<\/p>\n","protected":false},"excerpt":{"rendered":"<p>Kurz vor den Feiertagen gibt es noch ein paar kleine Updates der vergangenen Tage. Dem Flur im EG haben wir eine neue Kommode spendiert, so dass nun auch die letzten Umzugskartons endlich ausgepackt sind \ud83d\ude42 Urspr\u00fcnglich sollte \u00fcber die Kommode der passende Spiegel horizontal aufgeh\u00e4ngt werden, wir tendieren aber mehr und mehr dazu, ihn rechts [&hellip;]<\/p>\n","protected":false},"author":3,"featured_media":0,"comment_status":"open","ping_status":"open","sticky":false,"template":"","format":"standard","meta":{"jetpack_post_was_ever_published":false,"_jetpack_newsletter_access":"","_jetpack_dont_email_post_to_subs":false,"_jetpack_newsletter_tier_id":0,"footnotes":"","jetpack_publicize_message":"","jetpack_publicize_feature_enabled":true,"jetpack_social_post_already_shared":false,"jetpack_social_options":{"image_generator_settings":{"template":"highway","enabled":false}}},"categories":[1,5],"tags":[48,219,19,220,279,202,21,81],"jetpack_publicize_connections":[],"jetpack_featured_media_url":"","jetpack_shortlink":"https:\/\/wp.me\/pY1Uk-tJ","jetpack_sharing_enabled":true,"_links":{"self":[{"href":"http:\/\/stuebbenhaus.de\/index.php?rest_route=\/wp\/v2\/posts\/1843"}],"collection":[{"href":"http:\/\/stuebbenhaus.de\/index.php?rest_route=\/wp\/v2\/posts"}],"about":[{"href":"http:\/\/stuebbenhaus.de\/index.php?rest_route=\/wp\/v2\/types\/post"}],"author":[{"embeddable":true,"href":"http:\/\/stuebbenhaus.de\/index.php?rest_route=\/wp\/v2\/users\/3"}],"replies":[{"embeddable":true,"href":"http:\/\/stuebbenhaus.de\/index.php?rest_route=%2Fwp%2Fv2%2Fcomments&post=1843"}],"version-history":[{"count":12,"href":"http:\/\/stuebbenhaus.de\/index.php?rest_route=\/wp\/v2\/posts\/1843\/revisions"}],"predecessor-version":[{"id":1874,"href":"http:\/\/stuebbenhaus.de\/index.php?rest_route=\/wp\/v2\/posts\/1843\/revisions\/1874"}],"wp:attachment":[{"href":"http:\/\/stuebbenhaus.de\/index.php?rest_route=%2Fwp%2Fv2%2Fmedia&parent=1843"}],"wp:term":[{"taxonomy":"category","embeddable":true,"href":"http:\/\/stuebbenhaus.de\/index.php?rest_route=%2Fwp%2Fv2%2Fcategories&post=1843"},{"taxonomy":"post_tag","embeddable":true,"href":"http:\/\/stuebbenhaus.de\/index.php?rest_route=%2Fwp%2Fv2%2Ftags&post=1843"}],"curies":[{"name":"wp","href":"https:\/\/api.w.org\/{rel}","templated":true}]}}