{"id":1754,"date":"2011-09-22T09:30:50","date_gmt":"2011-09-22T07:30:50","guid":{"rendered":"http:\/\/www.stuebbenhaus.de\/?p=1754"},"modified":"2011-09-22T13:18:00","modified_gmt":"2011-09-22T11:18:00","slug":"alter-schwede","status":"publish","type":"post","link":"http:\/\/stuebbenhaus.de\/?p=1754","title":{"rendered":"Alter Schwede&#8230;"},"content":{"rendered":"<p>Allzuviel ist im September nicht passiert, weshalb es auch hier recht ruhig geblieben ist. Wir hatten ein paar Tiefbauunternehmen zwecks Angebot f\u00fcr eine Kellertrockenlegung vor Ort. Als die ersten Zahlen eintrudelten mussten wir uns erstmal setzen&#8230;<\/p>\n<p>Vorab hatten wir schonmal bei unserem Finanzberater erfragt, ob und wieviel Spielraum noch irgendwie m\u00f6glich ist. Die Angebote reizen dies wirklich bis an die Grenze aus. Mal sehen, ob wir die Sache angehen oder doch auf die n\u00e4chsten Jahren verschieben. Noch halten die Kellerw\u00e4nde ja weitestgehend die Feuchtigkeit drau\u00dfen&#8230;<\/p>\n<p>Diese Woche waren wir dann zumindest ein wenig produktiv. Am Wochenende st\u00fcrzten wir uns ins Chaos, genannt IKEA am Samstag Nachmittag. Laut, voll, kaum Vorankommen, leere Regale. Das alles, weil derzeit wieder eine 10% Rabattaktion f\u00fcr IKEA Family Mitglieder l\u00e4uft.<\/p>\n<p>Da Katja schon immer das <a title=\"IKEA - Hemnes\" href=\"http:\/\/www.ikea.com\/de\/de\/catalog\/products\/50080315\">G\u00e4stebett von IKEA<\/a> haben wollte, wir es aber bei der Rabattaktion im Februar nicht mehr bekommen hatten (lediglich ein Gutschein \u00fcber den damaligen Angebotspreis iHv. 199\u20ac), warfen wir uns ins Get\u00fcmmel.<\/p>\n<p>Diesmal hatten wir mehr Gl\u00fcck, denn wir bekamen noch das letzte im Regal befindliche Paket (beim Zusammenbau zeigte sich dann, dass wir doch nicht soviel Gl\u00fcck hatten&#8230;). Auch bei meiner <a title=\"IKEA - Maskros\" href=\"http:\/\/www.stuebbenhaus.de\/?p=1706\">Wunschlampe f\u00fcr den Essbereich<\/a> war uns das Gl\u00fcck hold, auch hier bekamen wir das letzte Exemplar.<\/p>\n<p><!--more-->Der Aufbau des Bettes gestaltete sich dann alles andere als zufriedenstellend. Direkt zu Beginn fiel auf, dass die Schienen f\u00fcr die 3 Schubf\u00e4cher nicht dabei waren. Gl\u00fccklicherweise waren diese Teile nicht entscheidend, so dass wir trotzdem weitermachen konnten.<br \/>\nMittendrin bemerkte ich dann (leider zu sp\u00e4t), dass die Zeichnung f\u00fcr die Halterungen des Lattenrosts ziemlich ung\u00fcnstig dargestellt waren. Ich hatte die Leiste &#8222;nat\u00fcrlich&#8220; verkehrt herum angeschraubt und durfte den Unterbau nochmal demontieren und neu zusammensetzen.<br \/>\nDer dritte Nackenschlag kam dann fast wortw\u00f6rtlich am Ende des Zusammenbaus. Als ich die Zierleiste ringsum aufgesetzt hatte und noch andr\u00fccken wollte bin ich volle Wucht gegen den vorstehenden Kasten mit den Leitungen f\u00fcr das Dachgeschoss geknallt. Es machte ordentlich Rrrrums, die Brille brach auseinander, flog durch die Gegend und ich h\u00f6rte mich nur noch laut fluchen (lt. Katja ein gutes Zeichen, dass es mir gut ging \ud83d\ude09 ).<\/p>\n<p>So kurz vor Schluss kam dann also doch noch meine Tolpatschigkeit durch. Gl\u00fccklicherweise (weil ich meine Schussligkeit kenne) hatte ich die Brille bei Kauf versichert, so dass mich die neue Fassung nur einen Bruchteil des Neupreises kosten wird. Trotzdem \u00e4rgerlich und die Beule\/Kopfschmerzen werden mich noch die n\u00e4chsten Tage an das Missgeschick erinnern&#8230;<\/p>\n<p>Beim Aufh\u00e4ngen der Lampe lief dann alles glatt, kein Schlag, kein Kurzschluss, alles paletti \ud83d\ude42<\/p>\n<p>[nggallery id=118]<\/p>\n","protected":false},"excerpt":{"rendered":"<p>Allzuviel ist im September nicht passiert, weshalb es auch hier recht ruhig geblieben ist. Wir hatten ein paar Tiefbauunternehmen zwecks Angebot f\u00fcr eine Kellertrockenlegung vor Ort. Als die ersten Zahlen eintrudelten mussten wir uns erstmal setzen&#8230; Vorab hatten wir schonmal bei unserem Finanzberater erfragt, ob und wieviel Spielraum noch irgendwie m\u00f6glich ist. Die Angebote reizen [&hellip;]<\/p>\n","protected":false},"author":3,"featured_media":0,"comment_status":"open","ping_status":"open","sticky":false,"template":"","format":"standard","meta":{"jetpack_post_was_ever_published":false,"_jetpack_newsletter_access":"","_jetpack_dont_email_post_to_subs":false,"_jetpack_newsletter_tier_id":0,"footnotes":"","jetpack_publicize_message":"","jetpack_publicize_feature_enabled":true,"jetpack_social_post_already_shared":false,"jetpack_social_options":{"image_generator_settings":{"template":"highway","enabled":false}}},"categories":[1,5],"tags":[85,193,11,90,214,70,205,213],"jetpack_publicize_connections":[],"jetpack_featured_media_url":"","jetpack_shortlink":"https:\/\/wp.me\/pY1Uk-si","jetpack_sharing_enabled":true,"_links":{"self":[{"href":"http:\/\/stuebbenhaus.de\/index.php?rest_route=\/wp\/v2\/posts\/1754"}],"collection":[{"href":"http:\/\/stuebbenhaus.de\/index.php?rest_route=\/wp\/v2\/posts"}],"about":[{"href":"http:\/\/stuebbenhaus.de\/index.php?rest_route=\/wp\/v2\/types\/post"}],"author":[{"embeddable":true,"href":"http:\/\/stuebbenhaus.de\/index.php?rest_route=\/wp\/v2\/users\/3"}],"replies":[{"embeddable":true,"href":"http:\/\/stuebbenhaus.de\/index.php?rest_route=%2Fwp%2Fv2%2Fcomments&post=1754"}],"version-history":[{"count":16,"href":"http:\/\/stuebbenhaus.de\/index.php?rest_route=\/wp\/v2\/posts\/1754\/revisions"}],"predecessor-version":[{"id":1771,"href":"http:\/\/stuebbenhaus.de\/index.php?rest_route=\/wp\/v2\/posts\/1754\/revisions\/1771"}],"wp:attachment":[{"href":"http:\/\/stuebbenhaus.de\/index.php?rest_route=%2Fwp%2Fv2%2Fmedia&parent=1754"}],"wp:term":[{"taxonomy":"category","embeddable":true,"href":"http:\/\/stuebbenhaus.de\/index.php?rest_route=%2Fwp%2Fv2%2Fcategories&post=1754"},{"taxonomy":"post_tag","embeddable":true,"href":"http:\/\/stuebbenhaus.de\/index.php?rest_route=%2Fwp%2Fv2%2Ftags&post=1754"}],"curies":[{"name":"wp","href":"https:\/\/api.w.org\/{rel}","templated":true}]}}