{"id":1579,"date":"2011-06-21T22:38:38","date_gmt":"2011-06-21T20:38:38","guid":{"rendered":"http:\/\/www.stuebbenhaus.de\/?p=1579"},"modified":"2011-06-21T22:38:38","modified_gmt":"2011-06-21T20:38:38","slug":"niederschlage","status":"publish","type":"post","link":"http:\/\/stuebbenhaus.de\/?p=1579","title":{"rendered":"Niederschl\u00e4ge"},"content":{"rendered":"<p>Mit etwas Versp\u00e4tung kommt heute der Artikel zum gestrigen Tag. Wir waren gestern Abend einfach zu kaputt.<\/p>\n<p>Der Tag fing ganz vielversprechend an, denn die neue K\u00fcche wurde angeliefert. Nachdem die Arbeitsameisen unz\u00e4hlige Teile ins Haus geschleppt hatten, fing die Schreinerameise an, alles zusammenzubauen. Doch das j\u00e4he Ende kam, als die Arbeitsplatte auf die Schr\u00e4nke geschraubt wurde. Die H\u00f6he der Arbeitsplatte betr\u00e4gt 91cm, wir hatten allerdings beim Planen der K\u00fcche auf eine niedrige K\u00fcche (86cm) bestanden. Nach kurzer R\u00fccksprache mit dem Kundendienst des M\u00f6belhauses musste die Arbeit eingestellt werden, weil die entsprechenden Tischbeine erst bestellt werden m\u00fcssen. Lieferzeit ca. 5 Werktage, dazu noch gesch\u00e4tzte 3 Stunden Mehraufwand, weil die bereits zusammengebauten Schr\u00e4nke f\u00fcr die neuen Sockel nochmal komplett auseinander genommem werden m\u00fcssen! Dummerweise waren die 91cm im (von uns unterschriebenen) Auftrag vermerkt, die <a title=\"Wochentelegramm\" href=\"http:\/\/www.stuebbenhaus.de\/?p=810\">K\u00fcchenplanung im Dezember<\/a> nur eine m\u00fcndliche Vereinbarung. Wir k\u00f6nnen nur hoffen, dass die Mehrkosten aus Kulanz vom M\u00f6belhaus \u00fcbernommen werden.<\/p>\n<p>[nggallery id=98]<\/p>\n<p>Das war der erste Niederschlag, das K.O. sollte aber noch folgen&#8230;<\/p>\n<p><!--more-->Der Installateur hatte gestern auch seinen vorerst letzten Arbeitstag im St\u00fcbbenhaus. Die Abschlussarbeiten beinhalteten das Anbringen der restlichen Armaturen in Bad &amp; WC, Anschluss der Au\u00dfenwasserh\u00e4hne und weitere Wasseranschl\u00fcsse in Heizkeller und Waschk\u00fcche.<\/p>\n<p>Bis Mittag lief es ganz gut, s\u00e4mtliche Armaturen im Bad wurden eingebaut und auf Funktionst\u00fcchtigkeit \u00fcberpr\u00fcft. Tadellos. Am Nachmittag lief es dann <strong>richtig<\/strong> gut, allerdings nur das Wasser! Beim Anbringen des Sp\u00fcltasters (\u00fcbrigens auch die falschen geliefert, unsere kommen erst in 10 Tagen) im G\u00e4steWC brach das Ventil f\u00fcr die Bef\u00fcllung des Sp\u00fclkastens ab. &#8222;Schei\u00dfe, Schei\u00dfe, Schei\u00dfe! Kann mal jemand den Hauptwasserhahn abdrehen&#8220; schrie er durchs Haus. W\u00e4hrend ich in der Garage die Leitung abdrehte sprudelte das Wasser aus dem Fliesenausschnitt f\u00fcr den Drucktaster. Ein Gl\u00fcck, dass unser Fliesneleger noch Tags zuvor die Fu\u00dfleisten mit Silikon versiegelt hatte, so konnte zumindest im WC das Wasser nicht unter die Fliesen laufen. Trotzdem lief es durch die Decke zum Heizungsraum, da das Loch im Boden f\u00fcr Fallrohr und Wasserleitungen (gl\u00fccklicherweise) nie zugegossen wurde.<\/p>\n<p>Die restlichen Arbeiten erledigte der Installateur (wieder mal) patschnass, da ging gl\u00fccklicherweise nichts mehr schief.<\/p>\n<p>[nggallery id=99]<\/p>\n<p>Das war der zweite Niederschlag, aber wir rappelten uns benommen ein letztes mal auf.<\/p>\n<p>Was dann aber das Fass endg\u00fcltig zum \u00fcberlaufen brachte (um mal in unserer &#8222;Wassersprache&#8220; zu bleiben ;)) waren die Dellen und Macken, die Katja bei der Grundreinigung des OG fand. Mit den kleineren Kratzern und Farbklecksen auf dem Parkett hatten wir uns ja schon abgefunden, aber in dem nagelneuen und nicht grad g\u00fcnstigen Bad direkt &#8222;Katschen&#8220; in Badewanne und Duschtasse zu finden war dann zuviel f\u00fcr Katjas Nervenkost\u00fcm.<\/p>\n<p>Nach dem heutigen Telefonat mit dem Installateuer, der die Schuld wehement abstreitet ist der aktuelle Stand, dass er den Schaden begutachten wird und man sich anschlie\u00dfend zusammensetzt um gemeinsam nach einer L\u00f6sung zu suchen.<\/p>\n<p>&nbsp;<\/p>\n","protected":false},"excerpt":{"rendered":"<p>Mit etwas Versp\u00e4tung kommt heute der Artikel zum gestrigen Tag. Wir waren gestern Abend einfach zu kaputt. Der Tag fing ganz vielversprechend an, denn die neue K\u00fcche wurde angeliefert. Nachdem die Arbeitsameisen unz\u00e4hlige Teile ins Haus geschleppt hatten, fing die Schreinerameise an, alles zusammenzubauen. Doch das j\u00e4he Ende kam, als die Arbeitsplatte auf die Schr\u00e4nke [&hellip;]<\/p>\n","protected":false},"author":3,"featured_media":0,"comment_status":"open","ping_status":"open","sticky":false,"template":"","format":"standard","meta":{"jetpack_post_was_ever_published":false,"_jetpack_newsletter_access":"","_jetpack_dont_email_post_to_subs":false,"_jetpack_newsletter_tier_id":0,"footnotes":"","jetpack_publicize_message":"","jetpack_publicize_feature_enabled":true,"jetpack_social_post_already_shared":false,"jetpack_social_options":{"image_generator_settings":{"template":"highway","enabled":false}}},"categories":[3,5,4],"tags":[26,83,189,188,184,70,79,49],"jetpack_publicize_connections":[],"jetpack_featured_media_url":"","jetpack_shortlink":"https:\/\/wp.me\/pY1Uk-pt","jetpack_sharing_enabled":true,"_links":{"self":[{"href":"http:\/\/stuebbenhaus.de\/index.php?rest_route=\/wp\/v2\/posts\/1579"}],"collection":[{"href":"http:\/\/stuebbenhaus.de\/index.php?rest_route=\/wp\/v2\/posts"}],"about":[{"href":"http:\/\/stuebbenhaus.de\/index.php?rest_route=\/wp\/v2\/types\/post"}],"author":[{"embeddable":true,"href":"http:\/\/stuebbenhaus.de\/index.php?rest_route=\/wp\/v2\/users\/3"}],"replies":[{"embeddable":true,"href":"http:\/\/stuebbenhaus.de\/index.php?rest_route=%2Fwp%2Fv2%2Fcomments&post=1579"}],"version-history":[{"count":5,"href":"http:\/\/stuebbenhaus.de\/index.php?rest_route=\/wp\/v2\/posts\/1579\/revisions"}],"predecessor-version":[{"id":1584,"href":"http:\/\/stuebbenhaus.de\/index.php?rest_route=\/wp\/v2\/posts\/1579\/revisions\/1584"}],"wp:attachment":[{"href":"http:\/\/stuebbenhaus.de\/index.php?rest_route=%2Fwp%2Fv2%2Fmedia&parent=1579"}],"wp:term":[{"taxonomy":"category","embeddable":true,"href":"http:\/\/stuebbenhaus.de\/index.php?rest_route=%2Fwp%2Fv2%2Fcategories&post=1579"},{"taxonomy":"post_tag","embeddable":true,"href":"http:\/\/stuebbenhaus.de\/index.php?rest_route=%2Fwp%2Fv2%2Ftags&post=1579"}],"curies":[{"name":"wp","href":"https:\/\/api.w.org\/{rel}","templated":true}]}}