{"id":1572,"date":"2011-06-19T19:10:48","date_gmt":"2011-06-19T17:10:48","guid":{"rendered":"http:\/\/www.stuebbenhaus.de\/?p=1572"},"modified":"2011-06-19T19:10:48","modified_gmt":"2011-06-19T17:10:48","slug":"umzug-teil-1","status":"publish","type":"post","link":"http:\/\/stuebbenhaus.de\/?p=1572","title":{"rendered":"Umzug, Teil 1"},"content":{"rendered":"<p>Am gestrigen Samstag stand der erste Teil des Umzugs an. Eigentlich wollten wir zusammen mit Tino und Mano die bereits gepackten Kartons und s\u00e4mtliche Regale ins Haus schleppen. Das w\u00e4re f\u00fcr einen Tag vollkommen ausreichend gewesen. Aber es meldeten sich spontan weitere Helfer an, die am kommenden Donnerstag (der eigentliche Umzugstermin) keine Zeit haben aber trotzdem gern helfen wollten. So waren es dann ab Mittag insgesamt 8 Helfer und bereits nach 2Std hatten wir s\u00e4mtliche Umzugskartons &#8222;r\u00fcber gefahren&#8220;. Tino hatte von der Arbeit eine Karre mitgebracht, auf der sich locker 8-12 Kartons stapeln lie\u00dfen. Bis auf den komplett durchweichten Vorgarten und dem schmalen Weg zum Haus ging das auch tadellos.<\/p>\n<p>Aprospos durchweichter Vorgarten: als wir um 9 Uhr aufstanden sch\u00fcttete es aus K\u00fcbeln und ich hatte das Handy schon griffbereit, um die ganze Sache abzusagen. Aber irgendwie war uns der Wettergott hold und bis auf einzelne Schauern war es den Tag \u00fcber trocken.<\/p>\n<p>Die Helfer waren bestens organisiert, jeder suchte sich seine Arbeit im Grunde selbst aus. W\u00e4hrend eine Gruppe sich um den Transport k\u00fcmmerte, schraubten die anderen die B\u00fccherregale auseinander, der N\u00e4chste baute die komplette &#8222;Entertainment-Anlage&#8220; ab und beschriftete alle Kabel usw.<\/p>\n<p>Alles lief Hand in Hand und so verflog die Zeit und wir schafften viel mehr, als urspr\u00fcnglich vorgenommen.<\/p>\n<p>Gegen 16 Uhr hatten wir nicht nur die Regale und Kartons im Haus, sondern das komplette Wohnzimmer und Teile vom Arbeits- und Schlafzimmer!<\/p>\n<p><!--more-->W\u00e4hrend Katja die Wohnzimmerkartons wieder auspackte, k\u00fcmmerte ich mich um die wirklich wichtigen Dinge: Der Anschluss des TV an die neue Sat-Anlage \ud83d\ude09 Wir hatten bisher noch nicht das Vergn\u00fcgen, TV Sender in HD bestaunen zu k\u00f6nnen. Darauf dann erstmal ein Bierchen f\u00fcr alle im neuen Wohnzimmer.<\/p>\n<p>Im Anschluss wurde noch der Beamer und die Surroundanlage getestet und mit Pizza und &#8222;<a title=\"IMDB\" href=\"http:\/\/www.imdb.de\/title\/tt0120735\/\">Bube, Dame, K\u00f6nig, Gras<\/a>&#8220; endete der erste Umzugstag.<\/p>\n<p>Vielen Dank an Tino, Mano, Sascha &amp; Nina, Tim und Uwe f\u00fcr eure tolle Unterst\u00fctzung!<\/p>\n<p>Den heutigen Sonntag haben Katja und ich genutzt, um in der Wohnung aufzur\u00e4umen und sauber zu machen. Au\u00dferdem haben wir die n\u00e4chsten Kartons fertig gepackt, damit es am Donnerstag weiter gehen kann. Dann steht der zweite Teil des Umzugs an, zu dem sich auch wieder etliche Helfer angemeldet haben \ud83d\ude42<\/p>\n<p>[nggallery id=97]<\/p>\n","protected":false},"excerpt":{"rendered":"<p>Am gestrigen Samstag stand der erste Teil des Umzugs an. Eigentlich wollten wir zusammen mit Tino und Mano die bereits gepackten Kartons und s\u00e4mtliche Regale ins Haus schleppen. Das w\u00e4re f\u00fcr einen Tag vollkommen ausreichend gewesen. Aber es meldeten sich spontan weitere Helfer an, die am kommenden Donnerstag (der eigentliche Umzugstermin) keine Zeit haben aber [&hellip;]<\/p>\n","protected":false},"author":3,"featured_media":0,"comment_status":"open","ping_status":"open","sticky":false,"template":"","format":"standard","meta":{"jetpack_post_was_ever_published":false,"_jetpack_newsletter_access":"","_jetpack_dont_email_post_to_subs":false,"_jetpack_newsletter_tier_id":0,"footnotes":"","jetpack_publicize_message":"","jetpack_publicize_feature_enabled":true,"jetpack_social_post_already_shared":false,"jetpack_social_options":{"image_generator_settings":{"template":"highway","enabled":false}}},"categories":[4],"tags":[47,85,33,186,187,278,167],"jetpack_publicize_connections":[],"jetpack_featured_media_url":"","jetpack_shortlink":"https:\/\/wp.me\/pY1Uk-pm","jetpack_sharing_enabled":true,"_links":{"self":[{"href":"http:\/\/stuebbenhaus.de\/index.php?rest_route=\/wp\/v2\/posts\/1572"}],"collection":[{"href":"http:\/\/stuebbenhaus.de\/index.php?rest_route=\/wp\/v2\/posts"}],"about":[{"href":"http:\/\/stuebbenhaus.de\/index.php?rest_route=\/wp\/v2\/types\/post"}],"author":[{"embeddable":true,"href":"http:\/\/stuebbenhaus.de\/index.php?rest_route=\/wp\/v2\/users\/3"}],"replies":[{"embeddable":true,"href":"http:\/\/stuebbenhaus.de\/index.php?rest_route=%2Fwp%2Fv2%2Fcomments&post=1572"}],"version-history":[{"count":6,"href":"http:\/\/stuebbenhaus.de\/index.php?rest_route=\/wp\/v2\/posts\/1572\/revisions"}],"predecessor-version":[{"id":1578,"href":"http:\/\/stuebbenhaus.de\/index.php?rest_route=\/wp\/v2\/posts\/1572\/revisions\/1578"}],"wp:attachment":[{"href":"http:\/\/stuebbenhaus.de\/index.php?rest_route=%2Fwp%2Fv2%2Fmedia&parent=1572"}],"wp:term":[{"taxonomy":"category","embeddable":true,"href":"http:\/\/stuebbenhaus.de\/index.php?rest_route=%2Fwp%2Fv2%2Fcategories&post=1572"},{"taxonomy":"post_tag","embeddable":true,"href":"http:\/\/stuebbenhaus.de\/index.php?rest_route=%2Fwp%2Fv2%2Ftags&post=1572"}],"curies":[{"name":"wp","href":"https:\/\/api.w.org\/{rel}","templated":true}]}}