{"id":1469,"date":"2011-05-30T15:56:59","date_gmt":"2011-05-30T13:56:59","guid":{"rendered":"http:\/\/www.stuebbenhaus.de\/?p=1469"},"modified":"2011-05-30T16:02:21","modified_gmt":"2011-05-30T14:02:21","slug":"parkett-verlegen-woche-1","status":"publish","type":"post","link":"http:\/\/stuebbenhaus.de\/?p=1469","title":{"rendered":"Parkett verlegen &#8211; Woche 1"},"content":{"rendered":"<p>Bereits einen Tag vor Beginn der Arbeiten wurde das Material geliefert. Die Jungs hatten ordentlich zu schleppen, da unser Haus ja nicht grad nah an der Stra\u00dfe sondern schon etwas nach hinten versetzt steht.<\/p>\n<p>Am Dienstag war der Parkettleger samt Azubi schon fr\u00fch am Start. Da wir im EG noch <a title=\"1000 Dinge\" href=\"http:\/\/www.stuebbenhaus.de\/?p=1438\">letzte Arbeiten an der Fensterbank<\/a> zuende bringen mussten, sollte als erstes das OG mit Parkett versorgt werden.\u00a0 Als erstes wurde\u00a0 der Fu\u00dfboden ordentlich abgesaugt (wir mussten ihn lediglich besenrein &#8222;\u00fcbergeben&#8220;) und anschlie\u00dfend grundiert. Hier wurde eine spezielle Grundierung genommen, die zum einen den restlichen Staub auf dem Boden bindet und zum anderen den Boden f\u00fcr den Parkettkleber vorbereitet.<\/p>\n<p>[nggallery id=83]<\/p>\n<p>Der Boden im OG ist aufgrund der Fu\u00dfbodenheizung satte 5cm h\u00f6her als zuvor ist, die Estrichleger haben aber nicht b\u00fcndig bis zur obersten Stufe gegossen. Damit konnte der H\u00f6henunterschied zwischen Fu\u00dfboden und der letzten Stufen \u00fcberbr\u00fcckt und mit der ersten Parkettbahn begonnen werden, mussten w\u00e4hrend der 2 st\u00fcndigen Trocknungszeit der grundierung\u00a0 einige Distanzst\u00fccke zurechtges\u00e4gt werden. Anschlie\u00dfend wurden s\u00e4mtliche T\u00fcrzargen samt T\u00fcren entsprechend der zuk\u00fcnftigen Belagh\u00f6he gek\u00fcrzt.<\/p>\n<p>Am Ende von Tag 1 waren die ersten Reihen vom G\u00e4stezimmer zum Bad verlegt und verklebt.<\/p>\n<p>[nggallery id=84]<\/p>\n<p><!--more-->Tag 2 (Mittwoch) verlief recht unspektakul\u00e4r, denn w\u00e4hrend der Chef im OG weiter Bahn f\u00fcr Bahn verlegte, bereitete der Azubi das Wohnzimmer schonmal vor. Auch hier wurde einmal durch gesaugt und anschlie\u00dfend die Grundierung aufgetragen.<\/p>\n<p>Am 3. Tag (Donnerstag) war das OG fertig verlegt und in den R\u00e4umen bereits die Fu\u00dfleisten angebracht.Der Boden war zwar noch ziemlich staubig und das Holz weder poliert noch ge\u00f6lt, aber der Anblick war schon grandios. Auch die frickeligen Stellen ab dem Treppengel\u00e4nder wurden sehr gut realisiert. Das Gel\u00e4nder liegt zwar aufgrund der Estrichh\u00f6he nun fast auf dem Parkett, aber hauptsache die Dielen passten \u00fcberhaupt drunter, sonst h\u00e4tten wir uns wieder was einfallen lassen m\u00fcssen.<\/p>\n<p>[nggallery id=85]<\/p>\n<p>Am Morgen von Tag 4 (Freitag) dann eine Schrecksekunde: wir hatten bei der ganzen Sache komplett au\u00dfer acht gelassen, dass wir um die T\u00fcrblenden im Flur noch Zierleisten anbringen wollten!<br \/>\nDie Zargen waren damals beim Hausbau erst eingesetzt worden, als die R\u00e4ume bezugsfertig waren. Das bedeutete f\u00fcr R\u00e4ume wie K\u00fcche, Bad &amp; WC (in denen die W\u00e4nde bis zur T\u00fcr gefliest wurden), dass die Blenden auf die Fliesen gesetzt wurden. Da wir diese Stellen aber nur noch verputzt haben, klafft dort ein gut 5-10mm gro\u00dfes Loch, welches mit besagten Zierleisten abgedeckt werden sollte.<\/p>\n<p>Gl\u00fccklicherweise hatte der Parkettleger seine Arbeit ins EG verlagert um dort schonmal die T\u00fcren zu k\u00fcrzen. Die Fu\u00dfleisten im Flur waren noch nicht montiert, so dass Katja bescheid geben konnte, dass die Leisten erst ganz zum Schluss angebracht werden sollten. Dadurch hatten wir uns etwas Zeit verschafft&#8230;<\/p>\n<p>Den restlichen Tag verbrachte der Azubi mit Polieren und \u00f6len des Bodens im OG.<\/p>\n","protected":false},"excerpt":{"rendered":"<p>Bereits einen Tag vor Beginn der Arbeiten wurde das Material geliefert. Die Jungs hatten ordentlich zu schleppen, da unser Haus ja nicht grad nah an der Stra\u00dfe sondern schon etwas nach hinten versetzt steht. Am Dienstag war der Parkettleger samt Azubi schon fr\u00fch am Start. Da wir im EG noch letzte Arbeiten an der Fensterbank [&hellip;]<\/p>\n","protected":false},"author":3,"featured_media":0,"comment_status":"open","ping_status":"open","sticky":false,"template":"","format":"standard","meta":{"jetpack_post_was_ever_published":false,"_jetpack_newsletter_access":"","_jetpack_dont_email_post_to_subs":false,"_jetpack_newsletter_tier_id":0,"footnotes":"","jetpack_publicize_message":"","jetpack_publicize_feature_enabled":true,"jetpack_social_post_already_shared":false,"jetpack_social_options":{"image_generator_settings":{"template":"highway","enabled":false}}},"categories":[3,5],"tags":[16,66,13,164,15,14,54,50],"jetpack_publicize_connections":[],"jetpack_featured_media_url":"","jetpack_shortlink":"https:\/\/wp.me\/pY1Uk-nH","jetpack_sharing_enabled":true,"_links":{"self":[{"href":"http:\/\/stuebbenhaus.de\/index.php?rest_route=\/wp\/v2\/posts\/1469"}],"collection":[{"href":"http:\/\/stuebbenhaus.de\/index.php?rest_route=\/wp\/v2\/posts"}],"about":[{"href":"http:\/\/stuebbenhaus.de\/index.php?rest_route=\/wp\/v2\/types\/post"}],"author":[{"embeddable":true,"href":"http:\/\/stuebbenhaus.de\/index.php?rest_route=\/wp\/v2\/users\/3"}],"replies":[{"embeddable":true,"href":"http:\/\/stuebbenhaus.de\/index.php?rest_route=%2Fwp%2Fv2%2Fcomments&post=1469"}],"version-history":[{"count":9,"href":"http:\/\/stuebbenhaus.de\/index.php?rest_route=\/wp\/v2\/posts\/1469\/revisions"}],"predecessor-version":[{"id":1483,"href":"http:\/\/stuebbenhaus.de\/index.php?rest_route=\/wp\/v2\/posts\/1469\/revisions\/1483"}],"wp:attachment":[{"href":"http:\/\/stuebbenhaus.de\/index.php?rest_route=%2Fwp%2Fv2%2Fmedia&parent=1469"}],"wp:term":[{"taxonomy":"category","embeddable":true,"href":"http:\/\/stuebbenhaus.de\/index.php?rest_route=%2Fwp%2Fv2%2Fcategories&post=1469"},{"taxonomy":"post_tag","embeddable":true,"href":"http:\/\/stuebbenhaus.de\/index.php?rest_route=%2Fwp%2Fv2%2Ftags&post=1469"}],"curies":[{"name":"wp","href":"https:\/\/api.w.org\/{rel}","templated":true}]}}