{"id":128,"date":"2010-08-19T20:13:34","date_gmt":"2010-08-19T18:13:34","guid":{"rendered":"http:\/\/www.stuebbenhaus.de\/?p=128"},"modified":"2011-05-12T10:37:53","modified_gmt":"2011-05-12T08:37:53","slug":"haste-ma-ne-maak","status":"publish","type":"post","link":"http:\/\/stuebbenhaus.de\/?p=128","title":{"rendered":"Haste ma ne Maak?"},"content":{"rendered":"<p><img loading=\"lazy\" decoding=\"async\" width=\"225\" height=\"300\" class=\"size-medium wp-image-127 alignleft\" title=\"Kreditvertrag\" src=\"http:\/\/www.stuebbenhaus.de\/wp-content\/uploads\/2010\/08\/IMG_0133-225x300.jpg\" srcset=\"http:\/\/stuebbenhaus.de\/wp-content\/uploads\/2010\/08\/IMG_0133-225x300.jpg 225w, http:\/\/stuebbenhaus.de\/wp-content\/uploads\/2010\/08\/IMG_0133-768x1024.jpg 768w, http:\/\/stuebbenhaus.de\/wp-content\/uploads\/2010\/08\/IMG_0133.jpg 1536w\" sizes=\"(max-width: 225px) 100vw, 225px\" \/>Heute war es nun soweit, wir haben die Kreditvertr\u00e4ge bei der Sparkasse abgeschlossen. Gerade noch rechtzeitig, was das KfW &#8222;Energieeffizient Sanieren&#8220; Darlehen angeht. Denn wie uns mitgeteilt wurde, <a href=\"http:\/\/praxis.enev-online.de\/2010\/0813_kfw_neue_foerderkonditionen_ab_1.Sept._2010.htm#Energieeffizient_Sanieren_Einzelmassnahmen\" target=\"_blank\">stellt die KfW die F\u00f6rderung Ende August ein<\/a>. Schwein gehabt&#8230;<\/p>\n<p>Somit d\u00fcrfte dem Eigenheim nun endg\u00fcltig nichts mehr im Wege stehen. Damit die Raten gezahlt werden k\u00f6nnen, hab ich mit dem Sparen auch gleich vor Ort begonnen&#8230;<\/p>\n<p>Im Anschluss ging es dann noch zu unserem Architekten, der die Statik f\u00fcr das Versetzen der Fl\u00fcgelt\u00fcr im Wohnzimmer und die Theke zwischen K\u00fcche und Esszimmer fertig machen wollte. Die endg\u00fcltigen Berechnungen bekommen wir dann Anfang n\u00e4chster Woche.<\/p>\n<p>Morgen haben wir frei, um uns mal durch die ersten Bad- und Sanit\u00e4rgesch\u00e4fte zu trollen.<\/p>\n<p style=\"margin-top: 80px\">\n","protected":false},"excerpt":{"rendered":"<p>Heute war es nun soweit, wir haben die Kreditvertr\u00e4ge bei der Sparkasse abgeschlossen. Gerade noch rechtzeitig, was das KfW &#8222;Energieeffizient Sanieren&#8220; Darlehen angeht. Denn wie uns mitgeteilt wurde, stellt die KfW die F\u00f6rderung Ende August ein. Schwein gehabt&#8230; Somit d\u00fcrfte dem Eigenheim nun endg\u00fcltig nichts mehr im Wege stehen. Damit die Raten gezahlt werden k\u00f6nnen, [&hellip;]<\/p>\n","protected":false},"author":3,"featured_media":0,"comment_status":"open","ping_status":"open","sticky":false,"template":"","format":"standard","meta":{"jetpack_post_was_ever_published":false,"_jetpack_newsletter_access":"","_jetpack_dont_email_post_to_subs":false,"_jetpack_newsletter_tier_id":0,"footnotes":"","jetpack_publicize_message":"","jetpack_publicize_feature_enabled":true,"jetpack_social_post_already_shared":false,"jetpack_social_options":{"image_generator_settings":{"template":"highway","enabled":false}}},"categories":[1],"tags":[18,146,144,147],"jetpack_publicize_connections":[],"jetpack_featured_media_url":"","jetpack_shortlink":"https:\/\/wp.me\/pY1Uk-24","jetpack_sharing_enabled":true,"_links":{"self":[{"href":"http:\/\/stuebbenhaus.de\/index.php?rest_route=\/wp\/v2\/posts\/128"}],"collection":[{"href":"http:\/\/stuebbenhaus.de\/index.php?rest_route=\/wp\/v2\/posts"}],"about":[{"href":"http:\/\/stuebbenhaus.de\/index.php?rest_route=\/wp\/v2\/types\/post"}],"author":[{"embeddable":true,"href":"http:\/\/stuebbenhaus.de\/index.php?rest_route=\/wp\/v2\/users\/3"}],"replies":[{"embeddable":true,"href":"http:\/\/stuebbenhaus.de\/index.php?rest_route=%2Fwp%2Fv2%2Fcomments&post=128"}],"version-history":[{"count":22,"href":"http:\/\/stuebbenhaus.de\/index.php?rest_route=\/wp\/v2\/posts\/128\/revisions"}],"predecessor-version":[{"id":1386,"href":"http:\/\/stuebbenhaus.de\/index.php?rest_route=\/wp\/v2\/posts\/128\/revisions\/1386"}],"wp:attachment":[{"href":"http:\/\/stuebbenhaus.de\/index.php?rest_route=%2Fwp%2Fv2%2Fmedia&parent=128"}],"wp:term":[{"taxonomy":"category","embeddable":true,"href":"http:\/\/stuebbenhaus.de\/index.php?rest_route=%2Fwp%2Fv2%2Fcategories&post=128"},{"taxonomy":"post_tag","embeddable":true,"href":"http:\/\/stuebbenhaus.de\/index.php?rest_route=%2Fwp%2Fv2%2Ftags&post=128"}],"curies":[{"name":"wp","href":"https:\/\/api.w.org\/{rel}","templated":true}]}}