{"id":1262,"date":"2011-05-01T20:37:02","date_gmt":"2011-05-01T18:37:02","guid":{"rendered":"http:\/\/www.stuebbenhaus.de\/?p=1262"},"modified":"2011-05-16T11:17:48","modified_gmt":"2011-05-16T09:17:48","slug":"1262","status":"publish","type":"post","link":"http:\/\/stuebbenhaus.de\/?p=1262","title":{"rendered":"Urlaub? Sch\u00f6n w\u00e4rs!"},"content":{"rendered":"<p>Eine Woche Urlaub liegt hinter uns, aber mit Erholung hatten die vergangenen Tage \u00fcberhaupt nichts gemeinsam. Morgens r\u00fcber zum Haus, zwischendurch einen Happen fr\u00fchst\u00fccken und dann weiter bis Abends ackern. Ich bin ehrlich gesagt froh, morgen wieder arbeiten gehen zu k\u00f6nnen, das ist wesentlich entspannter \ud83d\ude09<\/p>\n<p>Am Ende dieser Woche k\u00f6nnen wir aber ein weiteres Kapitel des Umbaus abschlie\u00dfen. S\u00e4mtliche Zargen sind nun soweit abgeschliffen und f\u00fcr die Grundierung vorbereitet. Gleiches gilt f\u00fcr die Treppe und ihr Gel\u00e4nder. Den Treppenteil, der runter in den Keller f\u00fchrt ist von PVC und Kleberesten befreit und k\u00f6nnte gefliest werden (sofern die Fliesen \u00fcberhaupt irgendwann mal eintreffen \ud83d\ude41 ).<\/p>\n<p>Die Handwerker waren nat\u00fcrlich auch nicht unt\u00e4tig. Fille hat uns im oberen Treppenhaus den Bodenvorsprung verkleidet und das von den Estrichlegern ausgelassene St\u00fcck zwischen Gel\u00e4nder und Treppe mit Schnellestrich aufgef\u00fcllt.<\/p>\n<p>[nggallery id=66]<\/p>\n<p><!--more--><a rel=\"lightbox[]\" href=\"http:\/\/www.stuebbenhaus.de\/wp-content\/gallery\/haus\/dscf6379.jpg\"><img decoding=\"async\" class=\"ngg-singlepic ngg-left\" src=\"http:\/\/www.stuebbenhaus.de\/wp-content\/gallery\/haus\/thumbs\/thumbs_dscf6379.jpg\" alt=\"Plaumi beim spachteln\" \/><\/a>Bei den Verputzarbeiten haben wir noch einige M\u00e4ngel festgestellt. Zum einen wurden an entscheidenden Kanten (zb. am Kamin oder einigen Fensterrahmen) keine Eckprofile eingesetzt. Zum anderen sah man hier und da noch Spachtelreste oder grobe Unebenheiten. Diese Dinge wurden Ende der Woche angegangen und werden sich vermutlich noch bis Dienstag hinziehen.<\/p>\n<p><a rel=\"lightbox[]\" href=\"http:\/\/www.stuebbenhaus.de\/wp-content\/gallery\/haus\/dscf6396.jpg\"><img decoding=\"async\" class=\"ngg-singlepic ngg-left\" src=\"http:\/\/www.stuebbenhaus.de\/wp-content\/gallery\/haus\/thumbs\/thumbs_dscf6396.jpg\" alt=\"Hauptleitung gekappt\" \/><\/a>Nicht zuletzt, weil Freitag Mittag der Strom f\u00fcr einige Stunden weg war und dadurch die W\u00e4nde nicht weiter geschliffen werden konnten. Eine Tiefbaufirma, die vor unserem Miethaus ein undichtes Regenabflussrohr ausgraben und erneuern sollte, hatte die Hauptleitung direkt mit weggerissen. So blieb uns nichts anderes \u00fcbrig, als den Kollegen fr\u00fchzeitig ins Wochenende zu schicken.<\/p>\n<p><a rel=\"lightbox[]\" href=\"http:\/\/www.stuebbenhaus.de\/wp-content\/gallery\/haus\/dscf6403.jpg\"><img decoding=\"async\" class=\"ngg-singlepic ngg-left\" src=\"http:\/\/www.stuebbenhaus.de\/wp-content\/gallery\/haus\/thumbs\/thumbs_dscf6403.jpg\" alt=\"die ersten gepackte Umzugskartons\" \/><\/a>Katja hat unter der Woche jede freie Minute genutzt, um schonmal im Wohn- und Arbeitszimmer alle B\u00fccher, CDs, Schallplatten etc. abzustauben und in Umzugskartons zu verpacken. In den 10 Jahren, die wir nun hier gemeinsam wohnen hat sich jede Menge angesammelt. Falls uns noch jemand Umzugskartons leihen kann, immer her damit. Wir k\u00f6nnen jeden Karton gebrauchen!<\/p>\n<p>Eigentlich wollten wir ein paar aktuelle Bilder vom Wochenende einstellen, aber die <a title=\"Da war doch noch was\u2026\" href=\"http:\/\/www.stuebbenhaus.de\/?p=767\">neue Digicam<\/a> scheint dasselbe <a title=\"Neue Digicam muss her\" href=\"http:\/\/www.stuebbenhaus.de\/?p=649\">Schicksal wie die alte Kamera<\/a> ereilt zu haben. Der ganze Staub im Haus gibt diesen Ger\u00e4ten anscheinend den Rest. Hoffen wir, dass ich das Ding noch umgetauscht bekomme.<\/p>\n<p>Deshalb gibt es vorerst nur Bilder, die wir unter der Woche geschossen haben. Sobald die Knipse wieder funktioniert, gibt es nat\u00fcrlich auch ein paar aktuelle Fotos.<\/p>\n","protected":false},"excerpt":{"rendered":"<p>Eine Woche Urlaub liegt hinter uns, aber mit Erholung hatten die vergangenen Tage \u00fcberhaupt nichts gemeinsam. Morgens r\u00fcber zum Haus, zwischendurch einen Happen fr\u00fchst\u00fccken und dann weiter bis Abends ackern. Ich bin ehrlich gesagt froh, morgen wieder arbeiten gehen zu k\u00f6nnen, das ist wesentlich entspannter \ud83d\ude09 Am Ende dieser Woche k\u00f6nnen wir aber ein weiteres [&hellip;]<\/p>\n","protected":false},"author":3,"featured_media":0,"comment_status":"open","ping_status":"open","sticky":false,"template":"","format":"standard","meta":{"jetpack_post_was_ever_published":false,"_jetpack_newsletter_access":"","_jetpack_dont_email_post_to_subs":false,"_jetpack_newsletter_tier_id":0,"footnotes":"","jetpack_publicize_message":"","jetpack_publicize_feature_enabled":true,"jetpack_social_post_already_shared":false,"jetpack_social_options":{"image_generator_settings":{"template":"highway","enabled":false}}},"categories":[3,5,4],"tags":[61,19,16,29,53,36,51,60,37,50],"jetpack_publicize_connections":[],"jetpack_featured_media_url":"","jetpack_shortlink":"https:\/\/wp.me\/sY1Uk-1262","jetpack_sharing_enabled":true,"_links":{"self":[{"href":"http:\/\/stuebbenhaus.de\/index.php?rest_route=\/wp\/v2\/posts\/1262"}],"collection":[{"href":"http:\/\/stuebbenhaus.de\/index.php?rest_route=\/wp\/v2\/posts"}],"about":[{"href":"http:\/\/stuebbenhaus.de\/index.php?rest_route=\/wp\/v2\/types\/post"}],"author":[{"embeddable":true,"href":"http:\/\/stuebbenhaus.de\/index.php?rest_route=\/wp\/v2\/users\/3"}],"replies":[{"embeddable":true,"href":"http:\/\/stuebbenhaus.de\/index.php?rest_route=%2Fwp%2Fv2%2Fcomments&post=1262"}],"version-history":[{"count":19,"href":"http:\/\/stuebbenhaus.de\/index.php?rest_route=\/wp\/v2\/posts\/1262\/revisions"}],"predecessor-version":[{"id":1431,"href":"http:\/\/stuebbenhaus.de\/index.php?rest_route=\/wp\/v2\/posts\/1262\/revisions\/1431"}],"wp:attachment":[{"href":"http:\/\/stuebbenhaus.de\/index.php?rest_route=%2Fwp%2Fv2%2Fmedia&parent=1262"}],"wp:term":[{"taxonomy":"category","embeddable":true,"href":"http:\/\/stuebbenhaus.de\/index.php?rest_route=%2Fwp%2Fv2%2Fcategories&post=1262"},{"taxonomy":"post_tag","embeddable":true,"href":"http:\/\/stuebbenhaus.de\/index.php?rest_route=%2Fwp%2Fv2%2Ftags&post=1262"}],"curies":[{"name":"wp","href":"https:\/\/api.w.org\/{rel}","templated":true}]}}