{"id":1254,"date":"2011-04-26T22:10:25","date_gmt":"2011-04-26T20:10:25","guid":{"rendered":"http:\/\/www.stuebbenhaus.de\/?p=1254"},"modified":"2011-05-11T08:51:00","modified_gmt":"2011-05-11T06:51:00","slug":"schnipp-schnapp-alle-straucher-ab","status":"publish","type":"post","link":"http:\/\/stuebbenhaus.de\/?p=1254","title":{"rendered":"Schnipp Schnapp &#8211; alle Str\u00e4ucher ab"},"content":{"rendered":"<p>Das sch\u00f6ne Wetter am Osterwochenende hat mich veranlasst, mal au\u00dferhalb des Hauses zu werkeln. Genauer gesagt habe ich mir die Garageneinfahrt vorgenommen. Die war auf der linken Seite komplett zugewuchert und rechts fing es auch schon an.<\/p>\n<p>Da die Vorbesitzerin keinen F\u00fchrerschein hatte und somit die Garage lediglich als zus\u00e4tzlichen Lagerraum genutzt hatte, gab es auch nie die Notwendigkeit, die Hecke abzuschneiden. Auf kurz oder lang wollen wir aber unseren Wagen dort parken und bei dem ganzen Gestr\u00fcpp h\u00e4tte man nicht mal mehr vor dem Tor aussteigen k\u00f6nnen, ohne sich den Lack zu zerkratzen.<\/p>\n<p>Anfangs sah es so aus, als ob die Wand sowohl von oben, als auch unten bewachsen ist. Nachdem ich mich mit Gartenschere, Elektrofuchsschwanz und Spitzhacke durch das Ge\u00e4st gek\u00e4mpft hatte, kam der ganze Mist aber &#8222;nur&#8220; aus dem Boden. Die Vorbesitzer haben links und rechts der Einfahrt extra einen kleinen Erdstreifen gelassen, den sie bepflanzt haben. Manche Str\u00e4ucher haben sich mittlerweile so tief eingegraben, dass ich sie trotz schwerem Gesch\u00fctz nicht ausgehoben bekam. Das muss ich dann bei der n\u00e4chsten Gartenaktion nochmal angehen. Dann auch mit neuem Spaten, denn der ist mir beim Ausgraben der widerspenstigen Miststr\u00e4ucher auch zerbrochen.<\/p>\n<p>[nggallery id=65]<\/p>\n","protected":false},"excerpt":{"rendered":"<p>Das sch\u00f6ne Wetter am Osterwochenende hat mich veranlasst, mal au\u00dferhalb des Hauses zu werkeln. Genauer gesagt habe ich mir die Garageneinfahrt vorgenommen. Die war auf der linken Seite komplett zugewuchert und rechts fing es auch schon an. Da die Vorbesitzerin keinen F\u00fchrerschein hatte und somit die Garage lediglich als zus\u00e4tzlichen Lagerraum genutzt hatte, gab es [&hellip;]<\/p>\n","protected":false},"author":3,"featured_media":0,"comment_status":"open","ping_status":"open","sticky":false,"template":"","format":"standard","meta":{"jetpack_post_was_ever_published":false,"_jetpack_newsletter_access":"","_jetpack_dont_email_post_to_subs":false,"_jetpack_newsletter_tier_id":0,"footnotes":"","jetpack_publicize_message":"","jetpack_publicize_feature_enabled":true,"jetpack_social_post_already_shared":false,"jetpack_social_options":{"image_generator_settings":{"template":"highway","enabled":false}}},"categories":[1,6,5],"tags":[58,279,59,60],"jetpack_publicize_connections":[],"jetpack_featured_media_url":"","jetpack_shortlink":"https:\/\/wp.me\/pY1Uk-ke","jetpack_sharing_enabled":true,"_links":{"self":[{"href":"http:\/\/stuebbenhaus.de\/index.php?rest_route=\/wp\/v2\/posts\/1254"}],"collection":[{"href":"http:\/\/stuebbenhaus.de\/index.php?rest_route=\/wp\/v2\/posts"}],"about":[{"href":"http:\/\/stuebbenhaus.de\/index.php?rest_route=\/wp\/v2\/types\/post"}],"author":[{"embeddable":true,"href":"http:\/\/stuebbenhaus.de\/index.php?rest_route=\/wp\/v2\/users\/3"}],"replies":[{"embeddable":true,"href":"http:\/\/stuebbenhaus.de\/index.php?rest_route=%2Fwp%2Fv2%2Fcomments&post=1254"}],"version-history":[{"count":9,"href":"http:\/\/stuebbenhaus.de\/index.php?rest_route=\/wp\/v2\/posts\/1254\/revisions"}],"predecessor-version":[{"id":1313,"href":"http:\/\/stuebbenhaus.de\/index.php?rest_route=\/wp\/v2\/posts\/1254\/revisions\/1313"}],"wp:attachment":[{"href":"http:\/\/stuebbenhaus.de\/index.php?rest_route=%2Fwp%2Fv2%2Fmedia&parent=1254"}],"wp:term":[{"taxonomy":"category","embeddable":true,"href":"http:\/\/stuebbenhaus.de\/index.php?rest_route=%2Fwp%2Fv2%2Fcategories&post=1254"},{"taxonomy":"post_tag","embeddable":true,"href":"http:\/\/stuebbenhaus.de\/index.php?rest_route=%2Fwp%2Fv2%2Ftags&post=1254"}],"curies":[{"name":"wp","href":"https:\/\/api.w.org\/{rel}","templated":true}]}}