{"id":1200,"date":"2011-04-19T10:30:06","date_gmt":"2011-04-19T08:30:06","guid":{"rendered":"http:\/\/www.stuebbenhaus.de\/?p=1200"},"modified":"2011-05-11T08:45:09","modified_gmt":"2011-05-11T06:45:09","slug":"meister-eder-oder-wieso-wir-kein-holz-mehr-sehen-konnen","status":"publish","type":"post","link":"http:\/\/stuebbenhaus.de\/?p=1200","title":{"rendered":"Meister Eder, oder wieso wir kein Holz mehr sehen k\u00f6nnen"},"content":{"rendered":"<p>Nicht, dass der Eindruck entsteht, wir machen selber gar nix mehr an der H\u00fctte. Ganz im Gegenteil, nur ist die Arbeit stupide, \u00f6de, nicht erw\u00e4hnenswert und vor allem so sch$%&amp;e, dass sie eigentlich keine Zeile wert ist. Aber einen Artikel k\u00f6nnen wir ja mal raushauen&#8230;<\/p>\n<p><a rel=\"lightbox[]\" href=\"http:\/\/www.stuebbenhaus.de\/wp-content\/gallery\/haus\/schleifen2.jpg\"><img decoding=\"async\" class=\"ngg-singlepic ngg-left\" src=\"http:\/\/www.stuebbenhaus.de\/wp-content\/gallery\/haus\/thumbs\/thumbs_schleifen2.jpg\" alt=\"T\u00fcr im Windfang\" \/><\/a>Katja ist bereits seit Monaten dran, die <a title=\"Ein F\u00f6n, so sch\u00f6n\" href=\"http:\/\/www.stuebbenhaus.de\/?p=474\">T\u00fcrzargen abzuschleifen<\/a>, um sie anschlie\u00dfend in der Farbe des Parketts zu <a title=\"Wikipedia - Lasur\" href=\"http:\/\/de.wikipedia.org\/wiki\/Lasieren\">lasieren<\/a>. Leider sind vergangene Woche alle Vorstellungen zunichte gemacht worden, denn das Holz hat sich ua. aufgrund der Feuchtigkeit im Estrich und der ganzen Bearbeitung verzogen und sieht zudem nicht wirklich gut aus. Also wurden alle Pl\u00e4ne und unz\u00e4hlige Arbeitsstunden zunichte gemacht und wir werden notgedrungen das Holz doch wieder weiss lackieren. Vorher m\u00fcssen die entstandenen Unebenheiten noch gespachtelt und das T\u00fcrfutter mit einer neuen Blende versehen werden.<\/p>\n<p><a rel=\"lightbox[]\" href=\"http:\/\/www.stuebbenhaus.de\/wp-content\/gallery\/haus\/schleifen1.jpg\"><img decoding=\"async\" class=\"ngg-singlepic ngg-right\" src=\"http:\/\/www.stuebbenhaus.de\/wp-content\/gallery\/haus\/thumbs\/thumbs_schleifen1.jpg\" alt=\"Einbauschrank Feinschliff\" \/><\/a>Die Einbauschr\u00e4nke haben wir soweit vorbereitet, dass sie grundiert und gestrichen werden k\u00f6nnen. Das kann allerdings erst losgehen, sobald die Schleifarbeiten an den W\u00e4nden durch sind und wir die H\u00fctte einmal gr\u00fcndlich ges\u00e4ubert haben. Sonst besteht die Gefahr, dass sich die feinen Staubpartikel mit der Farbe mischen und wir wieder schleifen m\u00fcssen.<!--more--><\/p>\n<p><a rel=\"lightbox[]\" href=\"http:\/\/www.stuebbenhaus.de\/wp-content\/gallery\/haus\/wunsch2.jpg\"><img decoding=\"async\" class=\"ngg-singlepic ngg-left\" src=\"http:\/\/www.stuebbenhaus.de\/wp-content\/gallery\/haus\/thumbs\/thumbs_wunsch2.jpg\" alt=\"Treppe\" \/><\/a><a rel=\"lightbox[]\" href=\"http:\/\/www.stuebbenhaus.de\/wp-content\/gallery\/haus\/wunsch1.jpg\"><img decoding=\"async\" class=\"ngg-singlepic ngg-left\" src=\"http:\/\/www.stuebbenhaus.de\/wp-content\/gallery\/haus\/thumbs\/thumbs_wunsch1.jpg\" alt=\"Treppe\" \/><\/a>Am Wochenende haben wir mit den Arbeiten an der Treppe begonnen. Der Teppich ist runter und eigentlich sollte sie irgendwann mal in etwa so aussehen.<\/p>\n<p>Aber die Klebereste auf den Stufen haben sich derart tief ins Holz gefressen, dass wir nicht alles runter bekommen haben. Toll sieht das mit den Matten aber eh nicht aus, also werden wir sie wieder komplett mit (rotem) Teppich bekleben. Abschleifen des Gel\u00e4nders, der Seitenteile und die Unterseite der Stufen stehen f\u00fcr das Osterwochenende auf der Tagesordnung.<\/p>\n<p><a rel=\"lightbox[]\" href=\"http:\/\/www.stuebbenhaus.de\/wp-content\/gallery\/haus\/treppe1.jpg\"><img decoding=\"async\" class=\"ngg-singlepic ngg-left\" src=\"http:\/\/www.stuebbenhaus.de\/wp-content\/gallery\/haus\/thumbs\/thumbs_treppe1.jpg\" alt=\"Treppenarbeiten\" \/><\/a><a rel=\"lightbox[]\" href=\"http:\/\/www.stuebbenhaus.de\/wp-content\/gallery\/haus\/treppe2.jpg\"><img decoding=\"async\" class=\"ngg-singlepic ngg-left\" src=\"http:\/\/www.stuebbenhaus.de\/wp-content\/gallery\/haus\/thumbs\/thumbs_treppe2.jpg\" alt=\"Treppenarbeiten\" \/><\/a><a rel=\"lightbox[]\" href=\"http:\/\/www.stuebbenhaus.de\/wp-content\/gallery\/haus\/treppe3.jpg\"><img decoding=\"async\" class=\"ngg-singlepic ngg-left\" src=\"http:\/\/www.stuebbenhaus.de\/wp-content\/gallery\/haus\/thumbs\/thumbs_treppe3.jpg\" alt=\"Treppenarbeiten\" \/><\/a><\/p>\n<p>Wenn alles wie geplant verl\u00e4uft, k\u00f6nnen wir in unserem Urlaub (zweite Osterferienwoche) das Haus (egal ob Putz oder Holz) einmal grundieren und f\u00fcr die Malerarbeiten vorbereiten.<\/p>\n","protected":false},"excerpt":{"rendered":"<p>Nicht, dass der Eindruck entsteht, wir machen selber gar nix mehr an der H\u00fctte. Ganz im Gegenteil, nur ist die Arbeit stupide, \u00f6de, nicht erw\u00e4hnenswert und vor allem so sch$%&amp;e, dass sie eigentlich keine Zeile wert ist. Aber einen Artikel k\u00f6nnen wir ja mal raushauen&#8230; Katja ist bereits seit Monaten dran, die T\u00fcrzargen abzuschleifen, um [&hellip;]<\/p>\n","protected":false},"author":3,"featured_media":0,"comment_status":"open","ping_status":"open","sticky":false,"template":"","format":"standard","meta":{"jetpack_post_was_ever_published":false,"_jetpack_newsletter_access":"","_jetpack_dont_email_post_to_subs":false,"_jetpack_newsletter_tier_id":0,"footnotes":"","jetpack_publicize_message":"","jetpack_publicize_feature_enabled":true,"jetpack_social_post_already_shared":false,"jetpack_social_options":{"image_generator_settings":{"template":"highway","enabled":false}}},"categories":[5],"tags":[52,15,53,54,21,51,50],"jetpack_publicize_connections":[],"jetpack_featured_media_url":"","jetpack_shortlink":"https:\/\/wp.me\/pY1Uk-jm","jetpack_sharing_enabled":true,"_links":{"self":[{"href":"http:\/\/stuebbenhaus.de\/index.php?rest_route=\/wp\/v2\/posts\/1200"}],"collection":[{"href":"http:\/\/stuebbenhaus.de\/index.php?rest_route=\/wp\/v2\/posts"}],"about":[{"href":"http:\/\/stuebbenhaus.de\/index.php?rest_route=\/wp\/v2\/types\/post"}],"author":[{"embeddable":true,"href":"http:\/\/stuebbenhaus.de\/index.php?rest_route=\/wp\/v2\/users\/3"}],"replies":[{"embeddable":true,"href":"http:\/\/stuebbenhaus.de\/index.php?rest_route=%2Fwp%2Fv2%2Fcomments&post=1200"}],"version-history":[{"count":31,"href":"http:\/\/stuebbenhaus.de\/index.php?rest_route=\/wp\/v2\/posts\/1200\/revisions"}],"predecessor-version":[{"id":1230,"href":"http:\/\/stuebbenhaus.de\/index.php?rest_route=\/wp\/v2\/posts\/1200\/revisions\/1230"}],"wp:attachment":[{"href":"http:\/\/stuebbenhaus.de\/index.php?rest_route=%2Fwp%2Fv2%2Fmedia&parent=1200"}],"wp:term":[{"taxonomy":"category","embeddable":true,"href":"http:\/\/stuebbenhaus.de\/index.php?rest_route=%2Fwp%2Fv2%2Fcategories&post=1200"},{"taxonomy":"post_tag","embeddable":true,"href":"http:\/\/stuebbenhaus.de\/index.php?rest_route=%2Fwp%2Fv2%2Ftags&post=1200"}],"curies":[{"name":"wp","href":"https:\/\/api.w.org\/{rel}","templated":true}]}}